{"id":2550,"date":"2009-02-20T10:24:56","date_gmt":"2009-02-20T09:24:56","guid":{"rendered":"https:\/\/www.disparates.org\/delta\/?p=2550"},"modified":"2009-02-20T14:40:13","modified_gmt":"2009-02-20T13:40:13","slug":"retour-sur-la-pensee-introduite-a-lautofiction-apres-lavoir-ete-au-blog-autrefois","status":"publish","type":"post","link":"https:\/\/www.disparates.org\/delta\/2009\/02\/retour-sur-la-pensee-introduite-a-lautofiction-apres-lavoir-ete-au-blog-autrefois\/","title":{"rendered":"retour sur l&rsquo;a-pens\u00e9e &#8211; introduite \u00e0 l&rsquo;autofiction (apr\u00e8s l&rsquo;avoir \u00e9t\u00e9 au blog, autrefois)"},"content":{"rendered":"<div style=\"margin-left:5%; font-size: 18px; padding-right:15%;\">\n<p>17 f\u00e9vrier<\/p>\n<p style=\"padding-left: 30px;\">+<br \/>\n le d\u00e9sir de publier. (c&rsquo;est quoi \u00e7a?)<\/p>\n<p style=\"padding-left: 30px;\">+<br \/>\n <em>d\u00e9sireux<\/em><br \/>\n est-ce que nous ne sommes pas <strong>nombreux <\/strong>(\u00e0 \u00eatre) <strong>d\u00e9sireux<\/strong> d\u2019<strong>arr\u00eater<\/strong> quelque chose (\u00a0de <em>fumer<\/em>, de <em>manger<\/em>, de d\u00e9penser, de<\/p>\n<p style=\"padding-left: 30px;\"><span style=\"background-color: #99ccff;\">+<br \/>\n la veille, j\u2019avais d\u00e9cid\u00e9 d\u2019arr\u00eater de manger du sucre. apr\u00e8s tout, il m\u2019\u00e9tait bien arriv\u00e9 d\u2019arr\u00eater de fumer. mais pour l\u2019heure je pr\u00e9parais des p\u00e2tes aux boulettes, lesquelles, je ne sais pourquoi, br\u00fblaient.<\/span><\/p>\n<p>18 f\u00e9vrier<\/p>\n<p style=\"padding-left: 30px;\"><a href=\"http:\/\/finelittleday.blogspot.com\"><img loading=\"lazy\" class=\"alignnone size-full wp-image-2551\" title=\"finelittleday\" src=\"https:\/\/www.disparates.org\/delta\/wp-content\/uploads\/finelittleday.jpg\" border=\"0\" alt=\"fine little day\" width=\"400\" height=\"297\" srcset=\"https:\/\/www.disparates.org\/delta\/wp-content\/uploads\/finelittleday.jpg 400w, https:\/\/www.disparates.org\/delta\/wp-content\/uploads\/finelittleday-150x111.jpg 150w\" sizes=\"(max-width: 400px) 100vw, 400px\" \/><\/a><\/p>\n<p style=\"padding-left: 30px;\">+<br \/>\n <em>\u00e0 dire vrai<\/em><br \/>\n naturellement, je tendrais plut\u00f4t \u00e0 m\u2019\u00e9teindre qu\u2019\u00e0 m\u2019allumer.<\/p>\n<p style=\"padding-left: 30px;\">+<br \/>\n <em>\u00e0 vrai dire <\/em><br \/>\n j\u2019attends le moment d\u2019aller au lit. je compte les heures.<\/p>\n<p style=\"padding-left: 60px;\">+<br \/>\n je suis tout \u00e0 fait capable de <span style=\"font-size: large;\"><em><strong>me dire<\/strong><\/em><\/span> (c\u2019est moi qui souligne) que je vais <strong>a.r.r.\u00ea.t.e.r d.e m.a.n.g.e.r d.u s.u.c.r.e<\/strong> et de ne pas m\u2019y tenir. plus joli encore : de ne pas en souffrir, de ce manquement \u00e0 une intention (en pens\u00e9e formul\u00e9e).\u00a0 j\u2019observe. je teste. je constate.<\/p>\n<p style=\"padding-left: 60px;\"><span style=\"font-size: large;\"><strong>il y a vraiment les choses que je me dis. c\u2019est un monde \u00e0 part. <\/strong><\/span>qui fait sa vie, le bord<br \/>\n de l\u2019inconscience.<\/p>\n<p style=\"padding-left: 60px;\">comment freud parlait-il des pens\u00e9es, du pr\u00e9-conscient? je ne sais plus.<\/p>\n<p style=\"padding-left: 60px; text-align: right;\">je passerai peut-\u00eatre les quarante prochaines ann\u00e9es \u00e0 traiter \/ traiter de ce qui reste des lectures de mes <br \/>\n quarante<br \/>\n premi\u00e8res ann\u00e9es.<\/p>\n<p style=\"padding-left: 30px;\"><em><br \/>\n <strong><span style=\"font-size: large;\"><span style=\"font-size: xx-large;\">d<\/span>es pens\u00e9es en l\u2019air<\/span><\/strong><\/em><strong> comme on dit des <em>paroles en l\u2019air<\/em><\/strong>. ce sont des pens\u00e9es en l\u2019air.<\/p>\n<p style=\"padding-left: 60px;\">\u00a0<\/p>\n<p style=\"padding-left: 30px;\"><strong><span style=\"font-size: xx-large;\">s<\/span>ouvenir d\u2019un article dont le titre associait <span style=\"font-size: large;\">la pens\u00e9e &amp; l\u2019autofiction<\/span><\/strong>. \u00e7a c\u2019est tr\u00e8s int\u00e9ressant. mais l\u2019article ne m\u2019a pas paru tenir ses promesses. une hypoth\u00e8se de travail. \u201cDe la pens\u00e9e comme autofiction\u201d, par <span class=\"author\" style=\"font-variant: small-caps;\">Bernard Comment<\/span>. \u00e0 relire, tout de m\u00eame (dans le Magazine Litt\u00e9raire n\u00b0 482).<\/p>\n<p style=\"padding-left: 30px;\"><strong>j<\/strong>e suis vraiment fascin\u00e9e par <span style=\"color: #ccffff;\"><strong>la multitude de mondes<\/strong><\/span>, de sph\u00e8res, dont nous sommes faits. mondes parall\u00e8les, qui souvent s\u2019indiff\u00e8rent, se croisent sans se m\u00ealer, se concerter. vivent leur vie. sans &#8211; semble-t-il &#8211; avoir acc\u00e8s \u00e0 aucune autre. comme si j\u2019\u00e9tais habit\u00e9e d\u2019une multitudes de langues \u00e0 jamais \u00e9trang\u00e8res les unes aux autres. cela me frappe, depuis toujours. (l\u2019enfance, elle, fait encore sens. \u00e0 ce qu\u2019il semble.)<\/p>\n<p style=\"padding-left: 30px;\">oui, vraiment, les mondes se sont d\u00e9multipli\u00e9s depuis que_ (<em> \u00e0 suivre)<\/em><\/p>\n<p style=\"padding-left: 30px;\">le vin que je bois n\u2019est pas tr\u00e8s bon; 2002 serait-elle une mauvaise ann\u00e9e; j &lsquo;aurais franchement pr\u00e9f\u00e9r\u00e9 regarder la t\u00e9l\u00e9vision.<\/p>\n<p style=\"float: right; width: auto;\"><span style=\"font-size: medium;\"><span style=\"font-family: courier new,courier;\"><span style=\"color: #ccffff;\">\u00b0<\/span>oui mais je p(o)ublie<span style=\"color: #ccffff;\">\u00b0<\/span><\/span><\/span><\/p>\n<p style=\"padding-left: 30px;\"><span style=\"font-size: x-large;\">\u00b0 rien qui aille au d\u00e9chet<\/span>, au rebut. quand tout fait tr\u00e9sor. \u00b0 un tr\u00e9sor de mots, car pour le reste,<span style=\"font-size: large;\"> l\u2019appartement se vide<\/span>.<\/p>\n<p style=\"padding-left: 30px;\">sur une page, <span style=\"color: #ccffff;\"><strong>les choses redeviennent une<\/strong><\/span>. ou ne s\u2019agit-il que de l\u2019instant de leur \u00e9criture?<\/p>\n<p style=\"padding-left: 30px;\"><a href=\"http:\/\/esotika.blogspot.com\/2008\/11\/institute-benjamenta-stephen-timothy.html\"><img loading=\"lazy\" class=\"alignnone size-full wp-image-2560\" title=\"jakob\" src=\"https:\/\/www.disparates.org\/delta\/wp-content\/uploads\/jakob.jpg\" alt=\"jakob\" width=\"400\" height=\"259\" srcset=\"https:\/\/www.disparates.org\/delta\/wp-content\/uploads\/jakob.jpg 400w, https:\/\/www.disparates.org\/delta\/wp-content\/uploads\/jakob-150x97.jpg 150w\" sizes=\"(max-width: 400px) 100vw, 400px\" \/><\/a><\/p>\n<\/div>\n","protected":false},"excerpt":{"rendered":"<p>17 f\u00e9vrier + le d\u00e9sir de publier. (c&rsquo;est quoi \u00e7a?) + d\u00e9sireux est-ce que nous ne sommes pas nombreux (\u00e0 \u00eatre) d\u00e9sireux d\u2019arr\u00eater quelque chose (\u00a0de fumer, de manger, de d\u00e9penser, de + la veille, j\u2019avais d\u00e9cid\u00e9 d\u2019arr\u00eater de manger du sucre. apr\u00e8s tout, il m\u2019\u00e9tait bien arriv\u00e9 d\u2019arr\u00eater de fumer. mais pour l\u2019heure je [&hellip;]<\/p>\n","protected":false},"author":2,"featured_media":0,"comment_status":"open","ping_status":"open","sticky":false,"template":"","format":"standard","meta":[],"categories":[1],"tags":[],"_links":{"self":[{"href":"https:\/\/www.disparates.org\/delta\/wp-json\/wp\/v2\/posts\/2550"}],"collection":[{"href":"https:\/\/www.disparates.org\/delta\/wp-json\/wp\/v2\/posts"}],"about":[{"href":"https:\/\/www.disparates.org\/delta\/wp-json\/wp\/v2\/types\/post"}],"author":[{"embeddable":true,"href":"https:\/\/www.disparates.org\/delta\/wp-json\/wp\/v2\/users\/2"}],"replies":[{"embeddable":true,"href":"https:\/\/www.disparates.org\/delta\/wp-json\/wp\/v2\/comments?post=2550"}],"version-history":[{"count":0,"href":"https:\/\/www.disparates.org\/delta\/wp-json\/wp\/v2\/posts\/2550\/revisions"}],"wp:attachment":[{"href":"https:\/\/www.disparates.org\/delta\/wp-json\/wp\/v2\/media?parent=2550"}],"wp:term":[{"taxonomy":"category","embeddable":true,"href":"https:\/\/www.disparates.org\/delta\/wp-json\/wp\/v2\/categories?post=2550"},{"taxonomy":"post_tag","embeddable":true,"href":"https:\/\/www.disparates.org\/delta\/wp-json\/wp\/v2\/tags?post=2550"}],"curies":[{"name":"wp","href":"https:\/\/api.w.org\/{rel}","templated":true}]}}