{"id":3633,"date":"2009-09-12T14:03:05","date_gmt":"2009-09-12T13:03:05","guid":{"rendered":"https:\/\/www.disparates.org\/delta\/?p=3633"},"modified":"2010-07-20T23:30:08","modified_gmt":"2010-07-20T22:30:08","slug":"comment-devient-on-analyste","status":"publish","type":"post","link":"https:\/\/www.disparates.org\/delta\/2009\/09\/comment-devient-on-analyste\/","title":{"rendered":"\u00ab\u00a0Comment devient-on analyste\u00a0\u00bb"},"content":{"rendered":"<p><a href=\"https:\/\/www.disparates.org\/delta\/wp-content\/uploads\/commentondevientanalyste.jpg\"><img loading=\"lazy\" class=\"size-medium wp-image-3639 alignleft\" style=\"border: 0pt none; margin-right: 30px;\" title=\"commentondevientanalyste\" src=\"https:\/\/www.disparates.org\/delta\/wp-content\/uploads\/commentondevientanalyste-374x530.jpg\" alt=\"commentondevientanalyste\" width=\"374\" height=\"530\" srcset=\"https:\/\/www.disparates.org\/delta\/wp-content\/uploads\/commentondevientanalyste-374x530.jpg 374w, https:\/\/www.disparates.org\/delta\/wp-content\/uploads\/commentondevientanalyste-106x150.jpg 106w, https:\/\/www.disparates.org\/delta\/wp-content\/uploads\/commentondevientanalyste.jpg 546w\" sizes=\"(max-width: 374px) 100vw, 374px\" \/><\/a>je lis le <strong><em>journal des journ\u00e9es<\/em><\/strong> (de l&rsquo;\u00e9cole de la cause freudienne, en vue de leurs journ\u00e9es d&rsquo;automne, qui se tiendront le premier week-end de\u00a0 novembre, sous le titre \u00ab\u00a0comment devient-on analyste?\u00a0\u00bb).\u00a0 on trouve ce <em><strong>journal des\u00a0 journ\u00e9es<\/strong><\/em> sur le site de l&rsquo;ecf, l\u00e0: <a href=\"http:\/\/www.causefreudienne.net\/agenda\/evenements\/journal-des-journees-de-l-ecf\" target=\"_blank\">http:\/\/www.causefreudienne.net\/agenda\/evenements\/journal-des-journees-de-l-ecf <\/a>.\u00a0 ce que je vous donne ici, c&rsquo;est dans le journal n\u00b0 7, mais tous valent la peine. c&rsquo;est court dr\u00f4le clair plein d&rsquo;allant. c&rsquo;est sign\u00e9 jacques-alain miller.<\/p>\n<p style=\"padding-left: 30px;\"><em>Extrait du Journal 7<br \/>\n<strong>Jean-Pierre Klotz : Eplucher le \u00ab on \u00bb<\/strong><\/em><br \/>\n\u00ab\u00a0Comment devient-on analyste\u00a0\u00bb, ce n&rsquo;est pas comment untel, ou comment je, ou comment nous, ou comment chacun, le devient, c&rsquo;est comment on le devient. On, pronom dit ind\u00e9fini en fran\u00e7ais, suivi du singulier du verbe, malgr\u00e9 le sens collectif (\u00ab\u00a0nous devenons\u00a0\u00bb) \u00e0 lui spontan\u00e9ment transf\u00e9r\u00e9. Il ne pr\u00eate \u00e0 la conformit\u00e9 (\u00ab\u00a0que fait-on ?\u00a0\u00bb pour dire \u00ab\u00a0que nous faut-il faire ?\u00a0\u00bb) que par identification.<br \/>\nC&rsquo;est donc du \u00ab\u00a0on\u00a0\u00bb que se fait l&rsquo;analyste, un on d\u00e9pouill\u00e9 de ses oripeaux, le on singulier de chacun, le on extime,  le on \u00ab\u00a0petit <em>a<\/em>\u00ab\u00a0, le on contre lequel on se bat, qui infiltre, emp\u00eatre, et dont on ne se d\u00e9p\u00eatre jamais compl\u00e8tement. Mais on peut y tendre, s&rsquo;y int\u00e9resser \u00ab\u00a0singuli\u00e8rement\u00a0\u00bb. Devenir analyste, se d\u00e9placer, et \u00e9plucher le \u00ab\u00a0on\u00a0\u00bb.<\/p>\n<p>j&rsquo;ajoute que je m&rsquo;y suis inscrite. ( et je songe plut\u00f4t \u00e0\u00a0 \u00ab\u00a0comment ne devient-on <strong><em>pas <\/em><\/strong>analyste? (apr\u00e8s une petite vingtaine d&rsquo;ann\u00e9es d&rsquo;analyse)\u00a0\u00bb \u00e7a a l&rsquo;air simple comme \u00e7a. pourtant.)<\/p>\n<p>Ajout du 12 oct. : je viens de demander \u00e0 me faire rembourser. m&rsquo;y poussent diverses consid\u00e9rations \u00a0 1\/ si je ne veux pas devenir&#8230; pourquoi aller \u00e0 un congr\u00e8s qui va chanter les gr\u00e2ces du devenir&#8230; 2\/ l&rsquo;angoisse profonde qui m&rsquo;a saisie \u00e0 la lecture de certains passages du susnomm\u00e9\u00a0 Journal.\u00a0 je suis encore bien trop sensible quand il s&rsquo;agit de l&rsquo;\u00e9cole et de\u00a0 ses analystes,\u00a0 pour lesquels, par certains endroits,\u00a0 ma passion se mitige, ce que mon caract\u00e8res, par d&rsquo;autres endroits, \u00e0 moins que ce ne soient les m\u00eames, mon caract\u00e8re entier donc  a du mal \u00e0 supporter.<\/p>\n<p style=\"clear: both;\">\n","protected":false},"excerpt":{"rendered":"<p>je lis le journal des journ\u00e9es (de l&rsquo;\u00e9cole de la cause freudienne, en vue de leurs journ\u00e9es d&rsquo;automne, qui se tiendront le premier week-end de\u00a0 novembre, sous le titre \u00ab\u00a0comment devient-on analyste?\u00a0\u00bb).\u00a0 on trouve ce journal des\u00a0 journ\u00e9es sur le site de l&rsquo;ecf, l\u00e0: http:\/\/www.causefreudienne.net\/agenda\/evenements\/journal-des-journees-de-l-ecf .\u00a0 ce que je vous donne ici, c&rsquo;est dans le [&hellip;]<\/p>\n","protected":false},"author":2,"featured_media":0,"comment_status":"open","ping_status":"open","sticky":false,"template":"","format":"standard","meta":[],"categories":[145],"tags":[518,487],"_links":{"self":[{"href":"https:\/\/www.disparates.org\/delta\/wp-json\/wp\/v2\/posts\/3633"}],"collection":[{"href":"https:\/\/www.disparates.org\/delta\/wp-json\/wp\/v2\/posts"}],"about":[{"href":"https:\/\/www.disparates.org\/delta\/wp-json\/wp\/v2\/types\/post"}],"author":[{"embeddable":true,"href":"https:\/\/www.disparates.org\/delta\/wp-json\/wp\/v2\/users\/2"}],"replies":[{"embeddable":true,"href":"https:\/\/www.disparates.org\/delta\/wp-json\/wp\/v2\/comments?post=3633"}],"version-history":[{"count":0,"href":"https:\/\/www.disparates.org\/delta\/wp-json\/wp\/v2\/posts\/3633\/revisions"}],"wp:attachment":[{"href":"https:\/\/www.disparates.org\/delta\/wp-json\/wp\/v2\/media?parent=3633"}],"wp:term":[{"taxonomy":"category","embeddable":true,"href":"https:\/\/www.disparates.org\/delta\/wp-json\/wp\/v2\/categories?post=3633"},{"taxonomy":"post_tag","embeddable":true,"href":"https:\/\/www.disparates.org\/delta\/wp-json\/wp\/v2\/tags?post=3633"}],"curies":[{"name":"wp","href":"https:\/\/api.w.org\/{rel}","templated":true}]}}