{"id":4392,"date":"2010-02-09T14:22:41","date_gmt":"2010-02-09T13:22:41","guid":{"rendered":"https:\/\/www.disparates.org\/delta\/?p=4392"},"modified":"2010-03-24T16:37:36","modified_gmt":"2010-03-24T15:37:36","slug":"ideale-travailleuse-de-lombre","status":"publish","type":"post","link":"https:\/\/www.disparates.org\/delta\/2010\/02\/ideale-travailleuse-de-lombre\/","title":{"rendered":"id\u00e9ale travailleuse de l&rsquo;ombre"},"content":{"rendered":"<p><span style=\"font-size: 28px; line-height: 30px; font-weight: bold; color: #ffffff; text-align: left;\">me tenant lieu de conscience, mon inconscient fait de moi la travailleuse id\u00e9ale. <\/span><\/p>\n<p style=\"margin: 30px; font-family: Courier New,Courier,mono;\">L\u2019apr\u00e8s-midi a commenc\u00e9 par l\u2019admirable intervention de Jean-Claude Milner. Dans <em>T\u00e9l\u00e9vision<\/em>, Lacan situe <span style=\"font-size: large;\">l\u2019inconscient<\/span> par ces mots : c\u2019est un \u00ab s<strong>avoir qui ne pense pas, ni ne calcule, ni ne juge, ce qui ne l\u2019emp\u00eache pas de travailler <\/strong>\u00bb, c\u2019est le \u00ab travailleur id\u00e9al \u00bb dont parle Marx. Ce travailleur id\u00e9al est le pur et simple support <em><strong>d\u2019un savoir \u2013 <span style=\"font-size: large;\">un savoir ex\u00e9cuter les ordres<\/span><\/strong><\/em>. Tout travail peut \u00eatre ramen\u00e9 en droit \u00e0 ce travail id\u00e9al, d\u00e8s lors qu\u2019il se retrouve pris dans <strong>une machinerie qui le d\u00e9pouille des diff\u00e9rences <\/strong>qui pourraient venir d\u2019une pens\u00e9e, d\u2019un jugement ou d\u2019une capacit\u00e9 \u00e0 calculer. Tout travail peut, \u00e0 ce titre, \u00eatre \u00e9valu\u00e9 de la m\u00eame mani\u00e8re.<br \/>\n<em>Journal des Journ\u00e9es<\/em> de l&rsquo;Ecole de la Cause freudienne, n\u00b0 91<\/p>\n<p><span style=\"font-size: 24px; line-height: 28px; color: #ffb6c1;\">travailleuse de l&rsquo;ombre , travailleuse id\u00e9ale. <\/span><\/p>\n","protected":false},"excerpt":{"rendered":"<p>me tenant lieu de conscience, mon inconscient fait de moi la travailleuse id\u00e9ale. L\u2019apr\u00e8s-midi a commenc\u00e9 par l\u2019admirable intervention de Jean-Claude Milner. Dans T\u00e9l\u00e9vision, Lacan situe l\u2019inconscient par ces mots : c\u2019est un \u00ab savoir qui ne pense pas, ni ne calcule, ni ne juge, ce qui ne l\u2019emp\u00eache pas de travailler \u00bb, c\u2019est le [&hellip;]<\/p>\n","protected":false},"author":2,"featured_media":0,"comment_status":"open","ping_status":"open","sticky":false,"template":"","format":"standard","meta":[],"categories":[460],"tags":[455],"_links":{"self":[{"href":"https:\/\/www.disparates.org\/delta\/wp-json\/wp\/v2\/posts\/4392"}],"collection":[{"href":"https:\/\/www.disparates.org\/delta\/wp-json\/wp\/v2\/posts"}],"about":[{"href":"https:\/\/www.disparates.org\/delta\/wp-json\/wp\/v2\/types\/post"}],"author":[{"embeddable":true,"href":"https:\/\/www.disparates.org\/delta\/wp-json\/wp\/v2\/users\/2"}],"replies":[{"embeddable":true,"href":"https:\/\/www.disparates.org\/delta\/wp-json\/wp\/v2\/comments?post=4392"}],"version-history":[{"count":0,"href":"https:\/\/www.disparates.org\/delta\/wp-json\/wp\/v2\/posts\/4392\/revisions"}],"wp:attachment":[{"href":"https:\/\/www.disparates.org\/delta\/wp-json\/wp\/v2\/media?parent=4392"}],"wp:term":[{"taxonomy":"category","embeddable":true,"href":"https:\/\/www.disparates.org\/delta\/wp-json\/wp\/v2\/categories?post=4392"},{"taxonomy":"post_tag","embeddable":true,"href":"https:\/\/www.disparates.org\/delta\/wp-json\/wp\/v2\/tags?post=4392"}],"curies":[{"name":"wp","href":"https:\/\/api.w.org\/{rel}","templated":true}]}}