{"id":53,"date":"2008-03-09T16:05:30","date_gmt":"2008-03-09T15:05:30","guid":{"rendered":"https:\/\/www.disparates.org\/delta\/les-livres-ou-la-vie-5"},"modified":"2008-06-25T12:21:51","modified_gmt":"2008-06-25T11:21:51","slug":"les-livres-ou-la-vie-5","status":"publish","type":"post","link":"https:\/\/www.disparates.org\/delta\/2008\/03\/les-livres-ou-la-vie-5\/","title":{"rendered":"Les livres ou la vie (5)"},"content":{"rendered":"<p>Aussi, encore, il restera \u00e0 (re)trouver, d\u00e9crire, ce qui dans Imre Kertesz m\u2019a men\u00e9e \u00e0 ces\u2026 constatations. Et puis, aussi, il faudra, mais \u00e7a ce sera beaucoup plus difficile, et peut-\u00eatre que \u00e7a ne sera pas possible, retrouver ce qui m\u2019a amen\u00e9e \u00e0 penser que \u2013 mais qu\u2019\u00e9tait-ce donc, et je me demande si je ne l\u2019ai pas \u00e9crit, quelque part, franchement, \u00e7a serait souhaitable, car il ne me reste rien, vraiment, sinon ces termes : \u00ab apr\u00e8s Auschwitz \u00bb. Et peut-\u00eatre : \u00ab Ecrire apr\u00e8s Auschwitz \u00bb. Mais non, \u00e7a n\u2019est pas \u00e7a. Est-ce que \u00e7a va revenir ? Est-ce que \u00e7a peut revenir ? Est-ce que \u00e7a doit revenir ?<\/p>\n<p>Il y a eu une nuit tr\u00e8s dense, tr\u00e8s insomniaque, o\u00f9 je me suis lev\u00e9e finalement. Et j&rsquo;aurai  essay\u00e9 d\u2019\u00e9crire quelque part, quelque chose \u00e0 ce propos. Une lettre. Voil\u00e0, c&rsquo;est \u00e7a. C&rsquo;\u00e9tait \u00e7a, la grande terrible id\u00e9e, \u00e9crire \u00e0 Imre Kertesz. En ai-je eu des nuits \u00e0 lui \u00e9crire, en pens\u00e9e. C\u2019est l\u00e0 que je me suis rendu compte, de l\u2019importance, pour moi, des lettres. Ces lettres non-\u00e9crites. Pens\u00e9es.<\/p>\n<p>Et, il y a eu le grand chambardement, mais c\u2019est une autre histoire, et c\u2019\u00e9tait avant \u00e7a, de la passe de JAM (Jacques-Alain Miller).<\/p>\n","protected":false},"excerpt":{"rendered":"<p>Aussi, encore, il restera \u00e0 (re)trouver, d\u00e9crire, ce qui dans Imre Kertesz m\u2019a men\u00e9e \u00e0 ces\u2026 constatations. Et puis, aussi, il faudra, mais \u00e7a ce sera beaucoup plus difficile, et peut-\u00eatre que \u00e7a ne sera pas possible, retrouver ce qui m\u2019a amen\u00e9e \u00e0 penser que \u2013 mais qu\u2019\u00e9tait-ce donc, et je me demande si je [&hellip;]<\/p>\n","protected":false},"author":2,"featured_media":0,"comment_status":"closed","ping_status":"open","sticky":false,"template":"","format":"standard","meta":[],"categories":[70],"tags":[42,21,646,17,59],"_links":{"self":[{"href":"https:\/\/www.disparates.org\/delta\/wp-json\/wp\/v2\/posts\/53"}],"collection":[{"href":"https:\/\/www.disparates.org\/delta\/wp-json\/wp\/v2\/posts"}],"about":[{"href":"https:\/\/www.disparates.org\/delta\/wp-json\/wp\/v2\/types\/post"}],"author":[{"embeddable":true,"href":"https:\/\/www.disparates.org\/delta\/wp-json\/wp\/v2\/users\/2"}],"replies":[{"embeddable":true,"href":"https:\/\/www.disparates.org\/delta\/wp-json\/wp\/v2\/comments?post=53"}],"version-history":[{"count":0,"href":"https:\/\/www.disparates.org\/delta\/wp-json\/wp\/v2\/posts\/53\/revisions"}],"wp:attachment":[{"href":"https:\/\/www.disparates.org\/delta\/wp-json\/wp\/v2\/media?parent=53"}],"wp:term":[{"taxonomy":"category","embeddable":true,"href":"https:\/\/www.disparates.org\/delta\/wp-json\/wp\/v2\/categories?post=53"},{"taxonomy":"post_tag","embeddable":true,"href":"https:\/\/www.disparates.org\/delta\/wp-json\/wp\/v2\/tags?post=53"}],"curies":[{"name":"wp","href":"https:\/\/api.w.org\/{rel}","templated":true}]}}