{"id":1057,"date":"2021-07-27T12:00:08","date_gmt":"2021-07-27T11:00:08","guid":{"rendered":"https:\/\/leseditionsdesjours.wordpress.com\/2021\/07\/27\/tout-a-lenv-addendum\/"},"modified":"2021-07-27T12:00:08","modified_gmt":"2021-07-27T11:00:08","slug":"tout-a-lenv-addendum","status":"publish","type":"post","link":"https:\/\/www.disparates.org\/iota\/2021\/07\/tout-a-lenv-addendum\/","title":{"rendered":"mar. 27 juillet :: r\u00eave -affubl\u00e9e d&rsquo;un double"},"content":{"rendered":"\n<p><a href=\"https:\/\/disparates.org\/iota\/2021\/07\/27\/ded-deh-ans-or-avec-une-pincee-de-joiecalme\/\">\u00c0 ce que j&rsquo;\u00e9crivais ce matin,<\/a> je voudrais rapidement ajouter que je m&rsquo;\u00e9tais d&rsquo;abord r\u00e9veill\u00e9e fort prise dans un r\u00eave o\u00f9 j&rsquo;ai aussi longtemps que possible continuer d&rsquo;errer, <strong>que j&rsquo;aimais alors qu&rsquo;il s&rsquo;agissait d&rsquo;un cauchemar<\/strong>, dont je ne me souviens d&rsquo;aucun terme, si ce n&rsquo;est, peut-\u00eatre, celui exag\u00e9r\u00e9 des silhouettes de ce sculpteur dont le nom me <em>revient<\/em> : Giacometti. <\/p>\n\n\n\n<p>J&rsquo;\u00e9tais dans le r\u00eave affubl\u00e9e d&rsquo;un double, crois-je. Un double masculin dont l&rsquo;allure \u00e9voquait l&rsquo;un de ses longs marcheurs au corps de terre adoigtement rapproch\u00e9e (je le dis comme \u00e7a me vient). Ce double avait une fonction d\u00e9termin\u00e9e li\u00e9e \u00e0 ce qu&rsquo;il ne soit pas sans sens qu&rsquo;il soit, lui, de sexe masculin. Cette fonction s&rsquo;exer\u00e7ait sur moi, <strong>consistait \u00e0 me faire faire quelque chose<\/strong>. D&rsquo;autres personnes \u00e9taient ainsi affubl\u00e9es de doubles. De doubles comme d&rsquo;ombres. <\/p>\n\n\n\n<figure class=\"wp-block-image size-large\"><img data-recalc-dims=\"1\" decoding=\"async\" width=\"940\" height=\"727\" data-attachment-id=\"1056\" data-permalink=\"https:\/\/www.disparates.org\/iota\/58767\/\" data-orig-file=\"https:\/\/i0.wp.com\/www.disparates.org\/iota\/wp-content\/uploads\/58767-e1627726123359.jpg?fit=1112%2C860&amp;ssl=1\" data-orig-size=\"1112,860\" data-comments-opened=\"0\" data-image-meta=\"{&quot;aperture&quot;:&quot;0&quot;,&quot;credit&quot;:&quot;&quot;,&quot;camera&quot;:&quot;&quot;,&quot;caption&quot;:&quot;&quot;,&quot;created_timestamp&quot;:&quot;0&quot;,&quot;copyright&quot;:&quot;&quot;,&quot;focal_length&quot;:&quot;0&quot;,&quot;iso&quot;:&quot;0&quot;,&quot;shutter_speed&quot;:&quot;0&quot;,&quot;title&quot;:&quot;&quot;,&quot;orientation&quot;:&quot;0&quot;}\" data-image-title=\"58767.jpg\" data-image-description=\"\" data-image-caption=\"\" data-medium-file=\"https:\/\/i0.wp.com\/www.disparates.org\/iota\/wp-content\/uploads\/58767-e1627726123359.jpg?fit=470%2C363&amp;ssl=1\" data-large-file=\"https:\/\/i0.wp.com\/www.disparates.org\/iota\/wp-content\/uploads\/58767-e1627726123359.jpg?fit=940%2C727&amp;ssl=1\" src=\"https:\/\/i0.wp.com\/www.disparates.org\/iota\/wp-content\/uploads\/58767-e1627726123359.jpg?resize=940%2C727&#038;ssl=1\" alt=\"\" class=\"wp-image-1056\" srcset=\"https:\/\/i0.wp.com\/www.disparates.org\/iota\/wp-content\/uploads\/58767-e1627726123359.jpg?w=1112&amp;ssl=1 1112w, https:\/\/i0.wp.com\/www.disparates.org\/iota\/wp-content\/uploads\/58767-e1627726123359.jpg?resize=470%2C363&amp;ssl=1 470w, https:\/\/i0.wp.com\/www.disparates.org\/iota\/wp-content\/uploads\/58767-e1627726123359.jpg?resize=1024%2C792&amp;ssl=1 1024w, https:\/\/i0.wp.com\/www.disparates.org\/iota\/wp-content\/uploads\/58767-e1627726123359.jpg?resize=150%2C116&amp;ssl=1 150w\" sizes=\"(max-width: 940px) 100vw, 940px\" \/><\/figure>\n\n\n\n<p>(Dans une revue, j&rsquo;avais vu hier une sculpture de Giacometti constitu\u00e9e, je crois, de 4 de ces longs marcheurs (pris dans une sorte de carr\u00e9, de plaque carr\u00e9e, \u00e0 distance respectable les uns des autres), chacun solitaire*. Il y a de \u00e7a dans le r\u00eave. Ainsi qu&rsquo;une petite c\u00e9ramique de mon p\u00e8re.)<\/p>\n\n\n\n<p>Eveill\u00e9e, songeant \u00e0 ce r\u00eave, l&rsquo;oubliant tout en m\u00eame temps, constatant ma fatigue, j\u2019entendis l&rsquo;une de ces voix dont j&rsquo;oublie toujours les paroles, <strong>qui me disait, mais de fa\u00e7on fort neutre, de mourir. <\/strong>Je l&rsquo;ai observ\u00e9, le ph\u00e9nom\u00e8ne, j&rsquo;ai vu qu&rsquo;il pouvait s&rsquo;amplifier (les phrases \u00e9taient pr\u00eates \u00e0 faire chorus). Je n&rsquo;avais pas du tout peur, n&rsquo;\u00e9tais pas mal \u00e0 l&rsquo;aise, restais dans les traces du r\u00eave o\u00f9 j\u2019aurais aim\u00e9 retourner, dans l&rsquo;observation de mon ample fatigue, tr\u00e8s remarquable, tr\u00e8s agr\u00e9able. J&rsquo;ai envoy\u00e9 tout de m\u00eame l&rsquo;une de ces phrases un peu stupides que j&rsquo;utilise parfois pour contrer le ph\u00e9nom\u00e8ne, o\u00f9 je m&rsquo;enjoins \u00e0 vivre plut\u00f4t (que de mourir). Phrases un peu stupides, inspir\u00e9es par le tai chi, mais qui ont certainement largement contribu\u00e9 \u00e0 d\u00e9dramatiser le ph\u00e9nom\u00e8ne, qui fut autrefois douloureux, qui l&rsquo;est de moins en moins. Qui n&rsquo;est plus qu&rsquo;un signe myst\u00e9rieux de je-ne-sais-quoi, d&rsquo;une r\u00e9alit\u00e9 de mon fonctionnement, d&rsquo;une v\u00e9rit\u00e9 m\u00eame. Il y a en moi quelque chose qui ne tient pas tellement \u00e0 ce que je vive.<\/p>\n\n\n\n<p>Or, c&rsquo;est la neutralit\u00e9 ce matin qui \u00e9tait le sentiment dominant. Rien n&rsquo;\u00e9tait d\u00e9sagr\u00e9able. Alors m\u00eame qu&rsquo;il y avait le cauchemar et les phrases.  Je pr\u00e9f\u00e8re le pr\u00e9ciser, cette ind\u00e9niable am\u00e9lioration. Car j&rsquo;ai \u00e9crit <a href=\"https:\/\/disparates.org\/iota\/tag\/fracassemeur\/\">ici par le pass\u00e9, le mois dernier, des choses qui moi-m\u00eame m\u2019ont effray\u00e9e<\/a>.<\/p>\n\n\n\n<p>Je ne dis pas qu&rsquo;il n&rsquo;y ait pas d&rsquo;autres choses \u00e0 \u00e9crire ici, qui aient trait \u00e0 ce ph\u00e9nom\u00e8ne (des ordres de mourir que j&rsquo;entends, ou des injures), dont, si je puis dire, la charge virale semble s&rsquo;\u00eatre consid\u00e9rablement amoindrie. Je le ferai. Je crois bien que je le ferai.<\/p>\n\n\n\n<p>C&rsquo;est ce ph\u00e9nom\u00e8ne, dont je ne retiens jamais comment les psys l&rsquo;appelle, ce que j&rsquo;ignorais jusqu&rsquo;\u00e0 peu, qu&rsquo;ils l&rsquo;appelaient, le nommaient, jusqu&rsquo;\u00e0 ce que je commence \u00e0 lire sur la bipolarit\u00e9,  qui a sign\u00e9 pour moi ma m\u00e9lancolie, dont j&rsquo;ai m\u00eame lu qu&rsquo;elle \u00e9tait consid\u00e9r\u00e9e \u00ab\u00a0d\u00e9clench\u00e9e\u00a0\u00bb une fois que ces voix apparaissaient. personnellement, j&rsquo;aurais pr\u00e9f\u00e9r\u00e9 la case \u00ab\u00a0psychose ordinaire\u00a0\u00bb. Mais bon, \u00e7a change. <\/p>\n\n\n\n<p>* <strong>Illustration<\/strong> : La sculpture \u00e9tait plus grande que celle de l&rsquo;illustration que j&rsquo;ai utilis\u00e9e, sans \u00eatre sur\u00e9lev\u00e9e. Les personnages au moins 4, et plus distants. <\/p>\n","protected":false},"excerpt":{"rendered":"<p>\u00c0 ce que j&rsquo;\u00e9crivais ce matin, je voudrais rapidement ajouter que je m&rsquo;\u00e9tais d&rsquo;abord r\u00e9veill\u00e9e fort prise dans un r\u00eave o\u00f9 j&rsquo;ai aussi longtemps que possible continuer d&rsquo;errer, que j&rsquo;aimais alors qu&rsquo;il s&rsquo;agissait d&rsquo;un cauchemar, dont je ne me souviens d&rsquo;aucun terme, si ce n&rsquo;est, peut-\u00eatre, celui exag\u00e9r\u00e9 des silhouettes de ce sculpteur dont le&hellip; <a class=\"more-link\" href=\"https:\/\/www.disparates.org\/iota\/2021\/07\/tout-a-lenv-addendum\/\">Poursuivre la lecture <span class=\"screen-reader-text\">mar. 27 juillet :: r\u00eave -affubl\u00e9e d&rsquo;un double<\/span><\/a><\/p>\n","protected":false},"author":11,"featured_media":0,"comment_status":"open","ping_status":"open","sticky":false,"template":"","format":"standard","meta":{"_acf_changed":false,"_jetpack_memberships_contains_paid_content":false,"footnotes":""},"categories":[28],"tags":[843,809,2181,1953,2213,2214,1334],"class_list":["post-1057","post","type-post","status-publish","format-standard","hentry","category-reves","tag-double","tag-fracassemeur","tag-giacometti","tag-melancolie","tag-neutralite","tag-neutre","tag-reve","entry"],"acf":[],"jetpack_featured_media_url":"","jetpack_sharing_enabled":true,"_links":{"self":[{"href":"https:\/\/www.disparates.org\/iota\/wp-json\/wp\/v2\/posts\/1057","targetHints":{"allow":["GET"]}}],"collection":[{"href":"https:\/\/www.disparates.org\/iota\/wp-json\/wp\/v2\/posts"}],"about":[{"href":"https:\/\/www.disparates.org\/iota\/wp-json\/wp\/v2\/types\/post"}],"author":[{"embeddable":true,"href":"https:\/\/www.disparates.org\/iota\/wp-json\/wp\/v2\/users\/11"}],"replies":[{"embeddable":true,"href":"https:\/\/www.disparates.org\/iota\/wp-json\/wp\/v2\/comments?post=1057"}],"version-history":[{"count":0,"href":"https:\/\/www.disparates.org\/iota\/wp-json\/wp\/v2\/posts\/1057\/revisions"}],"wp:attachment":[{"href":"https:\/\/www.disparates.org\/iota\/wp-json\/wp\/v2\/media?parent=1057"}],"wp:term":[{"taxonomy":"category","embeddable":true,"href":"https:\/\/www.disparates.org\/iota\/wp-json\/wp\/v2\/categories?post=1057"},{"taxonomy":"post_tag","embeddable":true,"href":"https:\/\/www.disparates.org\/iota\/wp-json\/wp\/v2\/tags?post=1057"}],"curies":[{"name":"wp","href":"https:\/\/api.w.org\/{rel}","templated":true}]}}