{"id":1312,"date":"2018-02-09T11:13:00","date_gmt":"2018-02-09T09:13:00","guid":{"rendered":"https:\/\/disparates.org\/correspondance\/?p=1312"},"modified":"2018-02-09T11:13:00","modified_gmt":"2018-02-09T09:13:00","slug":"9-fevrier-2018","status":"publish","type":"post","link":"https:\/\/www.disparates.org\/iota\/2018\/02\/9-fevrier-2018\/","title":{"rendered":"vendredi 9 f\u00e9vrier 2018"},"content":{"rendered":"\n<p><strong>R\u00eave &#8211;  <\/strong>Je m&rsquo;aper\u00e7ois que je n&rsquo;ai <strong>pas de bo\u00eete aux lettres<\/strong>. c&rsquo;est tout ce dont je me souviens. Je crois qu&rsquo;un <strong>autre nom est mis sur ma bo\u00eete aux lettres<\/strong>. <strong>Mon nom est sur une plaque, cach\u00e9 derri\u00e8re les bo\u00eetes aux lettres<\/strong>. Je ne sais pas du tout si c&rsquo;est \u00e7a. Il y a encore autre chose. \u00e7a para\u00eet sans issue.\u00a0 <\/p>\n\n\n\n<hr class=\"wp-block-separator is-style-dots\"\/>\n\n\n\n<p><strong>Ajout du 18 janvier 2021<\/strong><\/p>\n\n\n\n<p>l&rsquo;objet petit<em> a<\/em> derri\u00e8re l&rsquo;image narcissique i(<em>a<\/em>) dans la m\u00e9lancolie<\/p>\n\n\n\n<blockquote class=\"wp-block-quote is-style-default is-layout-flow wp-block-quote-is-layout-flow\"><p>Lacan a tr\u00e8s peu parl\u00e9 de la m\u00e9lancolie. A la fin du S\u00e9minaire X, il reprend la distinction de Freud entre deuil et m\u00e9lancolie. Il avance que si on ne diff\u00e9rencie pas l&rsquo;objet <em>a<\/em> et i(<em>a<\/em>), c&rsquo;est-\u00e0-dire de son image, on ne pourra pas concevoir la diff\u00e9rence radicale entre le deuil et la m\u00e9lancolie. \u00ab\u00a0Le probl\u00e8me du deuil est celui du maintien, au niveau scopique, des liens par o\u00f9 le d\u00e9sir est suspendu, non pas \u00e0 l&rsquo;objet <em>a<\/em>, mais \u00e0 i(<em>a<\/em>), par quoi est narcissiquement structur\u00e9 tout amour.\u00a0\u00bb (( Lacan Jacques, <em>Le s\u00e9minaire, Livre X, L&rsquo;angoisse<\/em>, p. 387. )) , affirme-t-il. Dans la m\u00e9lancolie, il ne s&rsquo;agit pas de i(<em>a<\/em>) , mais de l&rsquo;objet (<em>a<\/em>). <strong>C&rsquo;est parce que l&rsquo;objet <\/strong><em><strong>a<\/strong><\/em><strong> est dissimul\u00e9 derri\u00e8re le i(<\/strong><em><strong>a<\/strong><\/em><strong>) du narcissisme et m\u00e9connu dans son essence, que le sujet m\u00e9lancolique attaque sa propre image.<\/strong> Il l&rsquo;attaque justement pour atteindre l&rsquo;objet <em>a<\/em>. Lacan nous enseigne : <\/p><p>\u00ab\u00a0Ce qui distingue ce qui est du cycle manie-m\u00e9lancolie, de tout ce qui est du cycle id\u00e9al de la r\u00e9f\u00e9rence au deuil et au d\u00e9sir, nous ne pouvons le saisir qu&rsquo;\u00e0 accentuer la diff\u00e9rence de fonction entre, d&rsquo;une part, le rapport de <em>a<\/em> \u00e0 i(<em>a<\/em>) dans le deuil, et, d&rsquo;autre part, dans l&rsquo;autre cycle, la r\u00e9f\u00e9rence au <em>a<\/em>, plus enracinante pour le sujet que n&rsquo;importe quelle autre relation mais aussi fonci\u00e8rement m\u00e9connue, ali\u00e9n\u00e9e dans le rapport narcissique (( <em>Ibid<\/em>. p. 388. ))<\/p><p><\/p><cite>Dossia Avdelidi, <em>La psychose ordinaire, La forclusion du Nom-du-P\u00e8re dans le dernier enseignement de Lacan<\/em>, Presses Universitaires de Rennes, p. 264<br><br><\/cite><\/blockquote>\n\n\n\n<p>Je ne pense pas, m\u00eame si cela me l&rsquo;a \u00e9voqu\u00e9, que l&rsquo;on puisse prendre l&rsquo;autre nom indiqu\u00e9 sur ma boite aux lettres , comme correspondant de l&rsquo;image narcissique au-del\u00e0 de laquelle serait cach\u00e9 le v\u00e9ritable objet perdu de l&rsquo;amour, r\u00e9int\u00e9gr\u00e9 dans le moi, et qui devient objet de haine, mon nom. <\/p>\n\n\n\n<p>Du r\u00eave, je n&rsquo;ai pas retenu quel \u00e9tait cet <em>autre <\/em>nom appos\u00e9 sur la bo\u00eete aux lettres, ni, tout compte fait, quel \u00e9tait le nom qui aurait \u00e9t\u00e9 mon nom. <\/p>\n\n\n\n<p>Enfin, je ne sais pas si cet <em><strong>objet perdu dans la m\u00e9lancolie &#8211; <\/strong><\/em> je me r\u00e9f\u00e8re ici \u00e0 mon souvenir du texte de Freud &#8211; , objet perdu dont la nature n&rsquo;est pas bien connue, se doit d&rsquo;\u00eatre identifi\u00e9.<\/p>\n\n\n\n<p>J&rsquo;y ai d\u00e9j\u00e0 successivement identifi\u00e9 : ma m\u00e8re, la parole, mon nom. <\/p>\n\n\n\n<p>Il y a un souvenir qui me revient toujours, incomplet, quand il est question de <strong>cet objet d&rsquo;amour perdu<\/strong>. C&rsquo;est moi, dans la rue, rue du M\u00e9ridien, avec l&rsquo;un de mes fr\u00e8res, qui lui demande : \u00ab\u00a0Tu pr\u00e9f\u00e8res qui, papa ou maman?\u00a0\u00bb R\u00e9ponse compl\u00e8tement abasourdie  : \u00ab\u00a0Mais, je les aime tous les deux!\u00a0\u00bb  Et moi alors de lui d\u00e9biter les raisons de ma d\u00e9testation de l&rsquo;un des deux. C&rsquo;\u00e9tait alors tr\u00e8s clair et longtemps, je me suis souvenue duquel de mes deux parents il s&rsquo;agissait. Jusqu&rsquo;\u00e0 ce que j&rsquo;oublie, lequel \u00e9tait alors ha\u00ef de moi.  J&rsquo;avais peut-\u00eatre neuf ans.  <\/p>\n\n\n\n<p>La suite laisse \u00e0 penser qu&rsquo;il s&rsquo;agissait de ma m\u00e8re. M\u00eame si je suis compl\u00e8tement perplexe par rapport aux reproches que j&rsquo;aurais pu lui adresser, dont je n&rsquo;ai plus le moindre souvenir.  S&rsquo;agissant d&rsquo;elle, au cours de mon analyse, j&rsquo;ai souvent pens\u00e9 qu&rsquo;il s&rsquo;agissait d&rsquo;une d\u00e9testation du sexe f\u00e9minin, d&rsquo;une haine du sexe f\u00e9minin. Inconsciente. <\/p>\n\n\n\n<p><strong>S&rsquo;agissant de l&rsquo;image narcissique, <\/strong>jusqu&rsquo;il y a quelques ann\u00e9es, et alors qu&rsquo;elle a pu me causer les plus affreuses causes de d\u00e9testation de ma personne, elle me soutenait fondamentalement au travers du regard de l&rsquo;autre, qui \u00e9tait souvent admiratif voire d\u00e9sirant. Les compliments re\u00e7us, m\u00eame s&rsquo;ils ne me consolaient que rarement, m&rsquo;atteignait quelque part. Et il arrivait que ma propre beaut\u00e9, je l&rsquo;avoue, m&rsquo;\u00e9blouisse. Cet \u00e9clat, du regard de l&rsquo;autre, de mon propre regard, ne suffisait cependant fondamentalement pas \u00e0 emp\u00eacher ces moments o\u00f9 la sensation de mon propre corps et la vison de lui que j&rsquo;en avais dans le miroir \u00e9taient insupportables. <\/p>\n\n\n\n<p>Seul le d\u00e9sir de l&rsquo;autre le rendait supportable. Et parfois, une forme de gr\u00e2ce, quand j&rsquo;arrivais \u00e0 surmonter mes craintes, \u00e0 m&rsquo;habiller, \u00e0 m&rsquo;appr\u00eater, \u00e0 aller dans le monde, \u00e0 un rendez-vous. Cette gr\u00e2ce \u00e9tait li\u00e9e \u00e0 une id\u00e9e t\u00f4t re\u00e7ue de la beaut\u00e9, t\u00f4t re\u00e7u de mon artiste de p\u00e8re, et \u00e0 l&rsquo;amour que ce dernier me portait.<\/p>\n\n\n\n<p>Je ne sais pas ce qui pouvait faire la fronti\u00e8re entre : y arriver ou pas , \u00e0 sortir de chez moi, \u00e0 penser que je pouvais sortir dehors le corps qui avait cette image-l\u00e0, la mienne. <\/p>\n\n\n\n<p>Je le faisais quand j&rsquo;y \u00e9tais oblig\u00e9e. Ou dans le d\u00e9sir d&rsquo;un homme.<\/p>\n\n\n\n<p>\u00catre dehors et subitement penser que cela n&rsquo;allait pas, que l&rsquo;image n&rsquo;\u00e9tait pas bonne, \u00e9tait une horreur, \u00e0 vivre. J&rsquo;ai alors appris \u00e0 ne plus jamais me regarder dans un miroir d\u00e8s lors que j&rsquo;\u00e9tais sortie de chez moi. De crainte d&rsquo;y voir l&rsquo;absolument insupportable.  <\/p>\n\n\n\n<p>Je me suis toujours pr\u00e9par\u00e9e pour mon analyste. Il aura au moins servi \u00e0 \u00e7a. C&rsquo;est tout \u00e0 fait injuste \u00e0 dire.<\/p>\n\n\n\n<p>Ma m\u00e8re devait vivre, a d\u00fb vivre quelque chose de similaire. Ce qu&rsquo;elle a perdu \u00e0 la mort de mon p\u00e8re. La consistance imaginaire que cela lui procurait d&rsquo;avoir \u00e9t\u00e9 mod\u00e8le pour mon p\u00e8re, les peintures qu&rsquo;il a faites d&rsquo;elle. <\/p>\n\n\n\n<p>Pour elle comme pour moi, vieillir, perdre la jeunesse, la beaut\u00e9, l&rsquo;\u00e9clat, a entra\u00een\u00e9 tout un r\u00e9\u00e9quilibrage. j&rsquo;ai vieilli plus vite qu&rsquo;elle parce que j&rsquo;ai tendance \u00e0 m&rsquo;approprier ses sympt\u00f4mes.<\/p>\n\n\n\n<p><\/p>\n","protected":false},"excerpt":{"rendered":"<p>R\u00eave &#8211; Je m&rsquo;aper\u00e7ois que je n&rsquo;ai pas de bo\u00eete aux lettres. c&rsquo;est tout ce dont je me souviens. Je crois qu&rsquo;un autre nom est mis sur ma bo\u00eete aux lettres. Mon nom est sur une plaque, cach\u00e9 derri\u00e8re les bo\u00eetes aux lettres. Je ne sais pas du tout si c&rsquo;est \u00e7a. Il y a&hellip; <a class=\"more-link\" href=\"https:\/\/www.disparates.org\/iota\/2018\/02\/9-fevrier-2018\/\">Poursuivre la lecture <span class=\"screen-reader-text\">vendredi 9 f\u00e9vrier 2018<\/span><\/a><\/p>\n","protected":false},"author":2130,"featured_media":0,"comment_status":"closed","ping_status":"closed","sticky":false,"template":"","format":"standard","meta":{"_acf_changed":false,"_jetpack_memberships_contains_paid_content":false,"footnotes":""},"categories":[1964,28],"tags":[1054,1953,1978,1149,1334],"class_list":["post-1312","post","type-post","status-publish","format-standard","hentry","category-helene-parker","category-reves","tag-image","tag-melancolie","tag-narcissisme","tag-nom","tag-reve","entry"],"acf":[],"jetpack_featured_media_url":"","jetpack_sharing_enabled":true,"_links":{"self":[{"href":"https:\/\/www.disparates.org\/iota\/wp-json\/wp\/v2\/posts\/1312","targetHints":{"allow":["GET"]}}],"collection":[{"href":"https:\/\/www.disparates.org\/iota\/wp-json\/wp\/v2\/posts"}],"about":[{"href":"https:\/\/www.disparates.org\/iota\/wp-json\/wp\/v2\/types\/post"}],"author":[{"embeddable":true,"href":"https:\/\/www.disparates.org\/iota\/wp-json\/wp\/v2\/users\/2130"}],"replies":[{"embeddable":true,"href":"https:\/\/www.disparates.org\/iota\/wp-json\/wp\/v2\/comments?post=1312"}],"version-history":[{"count":0,"href":"https:\/\/www.disparates.org\/iota\/wp-json\/wp\/v2\/posts\/1312\/revisions"}],"wp:attachment":[{"href":"https:\/\/www.disparates.org\/iota\/wp-json\/wp\/v2\/media?parent=1312"}],"wp:term":[{"taxonomy":"category","embeddable":true,"href":"https:\/\/www.disparates.org\/iota\/wp-json\/wp\/v2\/categories?post=1312"},{"taxonomy":"post_tag","embeddable":true,"href":"https:\/\/www.disparates.org\/iota\/wp-json\/wp\/v2\/tags?post=1312"}],"curies":[{"name":"wp","href":"https:\/\/api.w.org\/{rel}","templated":true}]}}