{"id":13467,"date":"2014-04-08T15:43:10","date_gmt":"2014-04-08T13:43:10","guid":{"rendered":"https:\/\/www.disparates.org\/iota\/?p=13467"},"modified":"2014-05-26T12:07:57","modified_gmt":"2014-05-26T10:07:57","slug":"13467","status":"publish","type":"post","link":"https:\/\/www.disparates.org\/iota\/2014\/04\/13467\/","title":{"rendered":"Un autre point m\u2019a paru int\u00e9ressant \u00e0 relever dans ces t\u00e9moignages. Il s\u2019agit du rapport \u00e0 la parole."},"content":{"rendered":"<p>\u00ab\u00a0[&#8230;] Un autre point m\u2019a paru int\u00e9ressant \u00e0 relever dans ces t\u00e9moignages. Il s\u2019agit du rapport \u00e0 la parole. Ainsi, \u00e0 plusieurs reprises, ces enfants, ces m\u00e8res <strong>disent qu\u2019ils pr\u00e9f\u00e8rent ne pas parler<\/strong>. Qu\u2019ils pr\u00e9f\u00e8rent ne pas dire ce qu\u2019ils ressentent, ce qu\u2019ils \u00e9prouvent car sinon, c\u2019est trop difficile. Cette limite \u00e0 la parole est un<strong> indice de l\u2019impossible<\/strong>. Elle indique l\u2019au-del\u00e0 de ce que la parole peut dire, l\u2019au-del\u00e0 de ce qu\u2019elle peut vouloir dire. Face \u00e0 cette rupture dans la vie, <strong>la parole ne fait qu\u2019\u00e9craser le r\u00e9el par l\u2019imaginaire, et c\u2019est proprement insupportable.<\/strong> La d\u00e9fense est n\u00e9cessaire. Elle passe par un silence, un oubli de la r\u00e9alit\u00e9, un oubli calcul\u00e9 dont certaines m\u00e8res ont parl\u00e9. \u00a0\u00bb<br \/>\n<a href=\"http:\/\/www.lacanquotidien.fr\/blog\/wp-content\/uploads\/2014\/04\/LQ-391.pdf\" target=\"_blank\">Lacan Quotidien<\/a> n\u00b0 391, Une famille pour tous&#8230;, Chronique d&rsquo;H\u00e9l\u00e8ne Bonnaud &#8211; \u00ab\u00a0Maman est en prison &#8211; L&rsquo;absente\u00a0\u00bb<\/p>\n<div dir=\"ltr\" data-angle=\"0\" data-font-name=\"g_font_111_0\" data-canvas-width=\"502.03332136392606\"><\/div>\n","protected":false},"excerpt":{"rendered":"<p>\u00ab\u00a0[&#8230;] Un autre point m\u2019a paru int\u00e9ressant \u00e0 relever dans ces t\u00e9moignages. Il s\u2019agit du rapport \u00e0 la parole. Ainsi, \u00e0 plusieurs reprises, ces enfants, ces m\u00e8res disent qu\u2019ils pr\u00e9f\u00e8rent ne pas parler. Qu\u2019ils pr\u00e9f\u00e8rent ne pas dire ce qu\u2019ils ressentent, ce qu\u2019ils \u00e9prouvent car sinon, c\u2019est trop difficile. Cette limite \u00e0 la parole est&hellip; <a class=\"more-link\" href=\"https:\/\/www.disparates.org\/iota\/2014\/04\/13467\/\">Poursuivre la lecture <span class=\"screen-reader-text\">Un autre point m\u2019a paru int\u00e9ressant \u00e0 relever dans ces t\u00e9moignages. Il s\u2019agit du rapport \u00e0 la parole.<\/span><\/a><\/p>\n","protected":false},"author":11,"featured_media":0,"comment_status":"closed","ping_status":"closed","sticky":false,"template":"","format":"quote","meta":{"_acf_changed":false,"_jetpack_memberships_contains_paid_content":false,"footnotes":""},"categories":[1063,44],"tags":[1528,771],"class_list":["post-13467","post","type-post","status-publish","format-quote","hentry","category-copiecolle","category-psychanalyse","tag-lacan-quotidien","tag-trauma","post_format-post-format-quote","entry"],"acf":[],"jetpack_featured_media_url":"","jetpack_sharing_enabled":true,"_links":{"self":[{"href":"https:\/\/www.disparates.org\/iota\/wp-json\/wp\/v2\/posts\/13467","targetHints":{"allow":["GET"]}}],"collection":[{"href":"https:\/\/www.disparates.org\/iota\/wp-json\/wp\/v2\/posts"}],"about":[{"href":"https:\/\/www.disparates.org\/iota\/wp-json\/wp\/v2\/types\/post"}],"author":[{"embeddable":true,"href":"https:\/\/www.disparates.org\/iota\/wp-json\/wp\/v2\/users\/11"}],"replies":[{"embeddable":true,"href":"https:\/\/www.disparates.org\/iota\/wp-json\/wp\/v2\/comments?post=13467"}],"version-history":[{"count":0,"href":"https:\/\/www.disparates.org\/iota\/wp-json\/wp\/v2\/posts\/13467\/revisions"}],"wp:attachment":[{"href":"https:\/\/www.disparates.org\/iota\/wp-json\/wp\/v2\/media?parent=13467"}],"wp:term":[{"taxonomy":"category","embeddable":true,"href":"https:\/\/www.disparates.org\/iota\/wp-json\/wp\/v2\/categories?post=13467"},{"taxonomy":"post_tag","embeddable":true,"href":"https:\/\/www.disparates.org\/iota\/wp-json\/wp\/v2\/tags?post=13467"}],"curies":[{"name":"wp","href":"https:\/\/api.w.org\/{rel}","templated":true}]}}