{"id":1389,"date":"2017-11-05T10:59:38","date_gmt":"2017-11-05T08:59:38","guid":{"rendered":"https:\/\/disparates.org\/correspondance\/?p=1389"},"modified":"2017-11-05T10:59:38","modified_gmt":"2017-11-05T08:59:38","slug":"dimanche-5-novembre-2017","status":"publish","type":"post","link":"https:\/\/www.disparates.org\/iota\/2017\/11\/dimanche-5-novembre-2017\/","title":{"rendered":"dimanche 5 novembre 2017"},"content":{"rendered":"\n<p>On ne d\u00e9passe jamais la m\u00e8re, c&rsquo;est ce que je pensais vouloir dire, devoir dire, m\u00eame si c&rsquo;est pas la bonne phrase. D&rsquo;ailleurs, c&rsquo;est pas la bonne phrase, la phrase c&rsquo;\u00e9tait : On ne gu\u00e9rit pas de la m\u00e8re. On ne gu\u00e9rit pas de la m\u00e8re, jamais. Une presque vingtaine d&rsquo;ann\u00e9es d&rsquo;analyse (12 pour du vrai, ensuite plus que des tentatives de rattrapage), et gu\u00e9rie du p\u00e8re, mais de la m\u00e8re, c&rsquo;est comme si \u00e7a n&rsquo;avait pas m\u00eame \u00e9t\u00e9 entam\u00e9. Ou alors tout juste. La premi\u00e8re bouch\u00e9e de la maladie-m\u00e8re, en analyse, \u00e7a a \u00e9t\u00e9 moi qui me l&rsquo;a suis servie : \u00ab\u00a0<em>pas sans ma m\u00e8re<\/em>\u00ab\u00a0.\u00a0 \u00a0Bouch\u00e9e toujours pas aval\u00e9e.  Je suis sortie d&rsquo;analyse (quand j&rsquo; ai rencontr\u00e9 un homme qui portait (\u00e0 peu de choses pr\u00e8s) le nom de ma m\u00e8re) et je me suis retrouv\u00e9e quasi seule <em>avec <\/em>la m\u00e8re. Le p\u00e8re s&rsquo;est comme \u00e9vapor\u00e9, presque comme s&rsquo;il n&rsquo;avait jamais exist\u00e9, que \u00e7a en est presque triste, et il n&rsquo;est rest\u00e9 que la m\u00e8re. Sous les auspices de l&rsquo;angoisse, des signes silencieux de l&#8217;emprise de la m\u00e8re sur moi, de ma prise en la m\u00e8re. On ne d\u00e9passe pas la m\u00e8re.<\/p>\n\n\n\n<p> Je n&rsquo;y arrive pas. Je n&rsquo;arrive m\u00eame pas \u00e0 faire comme elle. Je n&rsquo;arrive pas \u00e0 venir apr\u00e8s elle, \u00e0 devenir m\u00e8re \u00e0 mon tour. Son exemple inimitable contraint ma vie enti\u00e8re. Sa saintet\u00e9 m&rsquo;obs\u00e8de. Il y a eu tant d&rsquo;ann\u00e9es \u00e0 ne vouloir <em>surtout pas<\/em> faire comme elle (m\u00eal\u00e9es aux ann\u00e9es pass\u00e9es \u00e0 faire <em>mieux <\/em>qu&rsquo;elle), que quand je me suis retrouv\u00e9e \u00e0 sa place, c&rsquo;est-\u00e0-dire que je suis devenue m\u00e8re, m\u00eame si \u00e7a a \u00e9t\u00e9 d&rsquo;abord belle-m\u00e8re, la belle-m\u00e8re vient bel et bien \u00e0 la place d&rsquo;une m\u00e8re, rien que \u00e7a c&rsquo;\u00e9tait tout, c&rsquo;\u00e9tait bien \u00e7a l&rsquo;impossible : venir \u00e0 la place de la m\u00e8re, c&rsquo;\u00e9tait juste impossible de faire comme elle. J&rsquo;avais pu la ha\u00efr, dans les faits, elle \u00e9tait\u00a0 devenue l&rsquo;ind\u00e9passable mod\u00e8le, il ne me semblait absolument pas qu&rsquo;on puisse \u00eatre m\u00e8re autrement qu&rsquo;elle l&rsquo;ait \u00e9t\u00e9. Et je dois bien le dire que depuis lors, je ne trouve plus ma place. <\/p>\n","protected":false},"excerpt":{"rendered":"<p>On ne d\u00e9passe jamais la m\u00e8re, c&rsquo;est ce que je pensais vouloir dire, devoir dire, m\u00eame si c&rsquo;est pas la bonne phrase. D&rsquo;ailleurs, c&rsquo;est pas la bonne phrase, la phrase c&rsquo;\u00e9tait : On ne gu\u00e9rit pas de la m\u00e8re. On ne gu\u00e9rit pas de la m\u00e8re, jamais. Une presque vingtaine d&rsquo;ann\u00e9es d&rsquo;analyse (12 pour du&hellip; <a class=\"more-link\" href=\"https:\/\/www.disparates.org\/iota\/2017\/11\/dimanche-5-novembre-2017\/\">Poursuivre la lecture <span class=\"screen-reader-text\">dimanche 5 novembre 2017<\/span><\/a><\/p>\n","protected":false},"author":2130,"featured_media":0,"comment_status":"closed","ping_status":"closed","sticky":false,"template":"","format":"standard","meta":{"_acf_changed":false,"_jetpack_memberships_contains_paid_content":false,"footnotes":""},"categories":[1964],"tags":[],"class_list":["post-1389","post","type-post","status-publish","format-standard","hentry","category-helene-parker","entry"],"acf":[],"jetpack_featured_media_url":"","jetpack_sharing_enabled":true,"_links":{"self":[{"href":"https:\/\/www.disparates.org\/iota\/wp-json\/wp\/v2\/posts\/1389","targetHints":{"allow":["GET"]}}],"collection":[{"href":"https:\/\/www.disparates.org\/iota\/wp-json\/wp\/v2\/posts"}],"about":[{"href":"https:\/\/www.disparates.org\/iota\/wp-json\/wp\/v2\/types\/post"}],"author":[{"embeddable":true,"href":"https:\/\/www.disparates.org\/iota\/wp-json\/wp\/v2\/users\/2130"}],"replies":[{"embeddable":true,"href":"https:\/\/www.disparates.org\/iota\/wp-json\/wp\/v2\/comments?post=1389"}],"version-history":[{"count":0,"href":"https:\/\/www.disparates.org\/iota\/wp-json\/wp\/v2\/posts\/1389\/revisions"}],"wp:attachment":[{"href":"https:\/\/www.disparates.org\/iota\/wp-json\/wp\/v2\/media?parent=1389"}],"wp:term":[{"taxonomy":"category","embeddable":true,"href":"https:\/\/www.disparates.org\/iota\/wp-json\/wp\/v2\/categories?post=1389"},{"taxonomy":"post_tag","embeddable":true,"href":"https:\/\/www.disparates.org\/iota\/wp-json\/wp\/v2\/tags?post=1389"}],"curies":[{"name":"wp","href":"https:\/\/api.w.org\/{rel}","templated":true}]}}