{"id":14764,"date":"2014-10-27T13:49:46","date_gmt":"2014-10-27T11:49:46","guid":{"rendered":"https:\/\/www.disparates.org\/iota\/?p=14764"},"modified":"2014-12-13T17:53:42","modified_gmt":"2014-12-13T15:53:42","slug":"a-lorigine-de-la-curiosite-pour-la-pensee-dun-autre","status":"publish","type":"post","link":"https:\/\/www.disparates.org\/iota\/2014\/10\/a-lorigine-de-la-curiosite-pour-la-pensee-dun-autre\/","title":{"rendered":"malade de pens\u00e9e \/ l&rsquo;impression est toujours forte"},"content":{"rendered":"<div class=\"columns\">\n<p>Malade de pens\u00e9e.<br \/> Cherche en ce moment \u00e0 quoi me raccrocher. L&rsquo;impression que me font mes lectures (( aussi bien que les conf\u00e9rences que j&rsquo;\u00e9coute, dont je poste les vid\u00e9os ici. ))\u00a0 est toujours forte. Mais je ne sais que faire de cette force ni ce qu&rsquo;elle signifie.<br \/> De quoi s&rsquo;agit-il de quoi s&rsquo;agit-il ? Que fais-je ? Peut-\u00eatre cherchai-je seulement \u00e0 me raccrocher au monde.<br \/> S&rsquo;il me fallait parler \/ t\u00e9moigner de ce qui<br \/> M&rsquo;affecte<br \/> Torture<br \/> Le plus<br \/> Il s&rsquo;agirait probablement de mes pens\u00e9es<br \/> Elles qui me sont le plus famili\u00e8res<br \/> Elles qui sont la mati\u00e8re de mon malheur<br \/> Lequel ne doit pas \u00eatre si grand dira-t-on d\u00e8s lors<br \/> C&rsquo;est que j&rsquo;y suis enferm\u00e9e<br \/> Et un peu plus de jour en jour<br \/> <em>De jouir en jouir<\/em><br \/> Une for\u00eat de pens\u00e9es for\u00eat vierge dont j&rsquo;esp\u00e8re probablement pouvoir extraire l&rsquo;une ou l&rsquo;autre liane que je puisse alors tendre \u00e0 un autre, autre \u00eatre humain<br \/> AUTRE \u00caTRE HUMAIN<br \/> Et que ferions nous alors une fois que nous serions \u00e0 deux voire plus la main sur ma liane<br \/>Et la liane trahit la pens\u00e9e trahit la for\u00eat vierge<\/p>\n<blockquote>\n<p>\u00ab\u00a0Combien de songes, de syst\u00e8mes de pens\u00e9e, d\u2019intuitions et de phrases v\u00e9ritablement neuves ont \u00e9chapp\u00e9 \u00e0 l\u2019\u00e9crit? \u00ab\u00a0<\/p>\n<\/blockquote>\n<p>C&rsquo;est ce \u00e0 quoi je pensais ce matin. Les pens\u00e9es, elle s&rsquo;abattent sur moi comme des boules de neige<br \/> Aucune ne se laisse entendre tout \u00e0 fait<br \/> Toutes sont incompl\u00e8tes<br \/> Me. Bombardent<br \/> Alors, cette pens\u00e9e-l\u00e0, en particulier, le hasard veut, ou autre chose que le hasard, le fait qu&rsquo;elle se sustente de la pens\u00e9e d&rsquo;un autre, du r\u00e9sidu de la pens\u00e9e d&rsquo;un autre, aura voulu que je la saisisse mieux qu&rsquo;une autre, \u00e0 cause de son sentiment d&rsquo;\u00e9tranget\u00e9 ; l&rsquo;\u00e9tranget\u00e9 me sauve de ma m\u00eamet\u00e9, j&rsquo;aurai pu la saisir, ses mots me seront apparus plus distinctement parce qu&rsquo;ils \u00e9taient d&rsquo;un autre,<br \/> non totalement encore recouverts par la boue des miens, non assimil\u00e9s, <a title=\"Re: livres du moment\" href=\"https:\/\/www.disparates.org\/iota\/2014\/re-livres-du-moment\/\">ces mots donc de Jouannais, que je reprenais hier ici,<\/a> je m&rsquo; en suis saisie, j&rsquo;ai pens\u00e9<br \/> \u00c0 cela, que l&rsquo;\u00e9crit est une liane, et ma pens\u00e9e une for\u00eat vierge, en 3D<br \/> Et ce passage de la 3D \u00e0 la lin\u00e9arit\u00e9, c&rsquo;est le travail justement o\u00f9 un artiste un auteur se distingue.<\/p>\n<p>\u00c9videmment, quiconque rendrait compte de la for\u00eat vierge<\/p>\n<p>Or, il ne s&rsquo;agit pas non plus uniquement de 3D et de couches successives se superposant<br \/> Mais de bombardement de boules de neige et peut-\u00eatre cette image-l\u00e0 me vient-elle \u00e0 l&rsquo;esprit \u00e0 cause de ce titre d&rsquo;un film <em>Le bombardement de boulettes g\u00e9antes<\/em>, que je n&rsquo;ai pas vu.<\/p>\n<p>Et j&rsquo;ai pens\u00e9 que j&rsquo;\u00e9tais malade. Et que s&rsquo;il y avait quelque chose dont je devais t\u00e9moigner, peut-\u00eatre, c&rsquo;\u00e9tait de cette ma maladie.<\/p>\n<p>Songeant \u00e0 la 3D et aux couches successives<br \/> Me demandant comment<br \/> M&rsquo;est revenu en m\u00e9moire cette installation de Bill Viola, regard\u00e9e au Grand Palais l&rsquo;ann\u00e9e derni\u00e8re<\/p>\n<p><a href=\"https:\/\/i0.wp.com\/www.disparates.org\/iota\/wp-content\/uploads\/wpid-20081129182457_bill-viola1-1-of-1.jpg?ssl=1\"><img data-recalc-dims=\"1\" decoding=\"async\" class=\"alignnone\" title=\"bill viola\" src=\"https:\/\/i0.wp.com\/www.disparates.org\/iota\/wp-content\/uploads\/wpid-20081129182457_bill-viola1-1-of-1.jpg?resize=940%2C544&#038;ssl=1\" alt=\"image\" width=\"940\" height=\"544\" \/><\/a><\/p>\n<p><a href=\"https:\/\/i0.wp.com\/www.disparates.org\/iota\/wp-content\/uploads\/wpid-img_3092.jpg?ssl=1\"><img data-recalc-dims=\"1\" decoding=\"async\" class=\"alignnone\" title=\"bill viola\" src=\"https:\/\/i0.wp.com\/www.disparates.org\/iota\/wp-content\/uploads\/wpid-img_3092.jpg?resize=940%2C705&#038;ssl=1\" alt=\"image\" width=\"940\" height=\"705\" \/><\/a><\/p>\n<p>Et revoyant ces photos sur Google Images, \u00e0 Bill Viola, j&rsquo;ai pens\u00e9 que celles-ci disaient bien la sensation physique de ces pens\u00e9es dans ma t\u00eate, et de ce qu&rsquo;elles font \u00e0 tout mon corps (dont je pourrais aussi bien ne pas sortir) (mais l&rsquo;\u00e9crire vous l&rsquo;\u00e9crire \u00e0 un TRUMAIN est la luette est la lucarne d&rsquo;o\u00f9 la lueur touche dans ma cellule) :<\/p>\n<p><a href=\"https:\/\/i0.wp.com\/www.disparates.org\/iota\/wp-content\/uploads\/wpid-large.jpg?ssl=1\"><img data-recalc-dims=\"1\" decoding=\"async\" class=\"alignnone size-full\" title=\"large.jpg\" src=\"https:\/\/i0.wp.com\/www.disparates.org\/iota\/wp-content\/uploads\/wpid-large.jpg?w=940&#038;ssl=1\" alt=\"image\" \/><\/a><\/p>\n<p>Et celles-ci, pouvaient rendre compte de leur bombardement<\/p>\n<p><a href=\"https:\/\/i0.wp.com\/www.disparates.org\/iota\/wp-content\/uploads\/wpid-bill-viola-tempest-study-for-the-raft-2005-color-high-definition-video-on-flat-panel-display-mounted-on-wall-43-x-26-x-4-inches-109-x-66-x-10.2-cm.jpg?ssl=1\"><img data-recalc-dims=\"1\" decoding=\"async\" class=\"alignnone size-full\" title=\"BILL-VIOLA-Tempest-Study-for-The-Raft-2005-Color-High-Definition-video-on-flat-panel-display-mounted-on-wall-43-x-26-x-4-inches-109-x-66-x-10.2-cm.jpg\" src=\"https:\/\/i0.wp.com\/www.disparates.org\/iota\/wp-content\/uploads\/wpid-bill-viola-tempest-study-for-the-raft-2005-color-high-definition-video-on-flat-panel-display-mounted-on-wall-43-x-26-x-4-inches-109-x-66-x-10.2-cm.jpg?w=940&#038;ssl=1\" alt=\"image\" \/><\/a><\/p>\n<p>Or ici on voit que pour rendre compte de la pens\u00e9e, de ma pens\u00e9e, j&rsquo;use d&rsquo;images qui en \u00e9limine la mati\u00e8re tout en la lui accordant, car elle est de mati\u00e8re justement d\u00e9faite, inconnue, cette mati\u00e8re des mots, o\u00f9 les couches seraient constitu\u00e9es de phrases ou de bribes de phrases, non point prises dans la lin\u00e9arit\u00e9 qui pourtant les caract\u00e9rise mais dans la plan\u00e9it\u00e9 d&rsquo;un voile l\u00e9ger qui en recouvrirait d&rsquo;autres et seraient recouverts par d&rsquo;autres, voil\u00e0 l&rsquo;image que celle de Viola inventait dans mon esprit pour rendre compte justement de mon \u00e9tat d&rsquo;esprit, de ces pens\u00e9es mouvantes, logeant toujours au bord du sens comme au bord du gouffre.<\/p>\n<p>Et au travers de tout cela l&rsquo;appel de la mort, comme la voix des loups. Mais pourquoi. C&rsquo;est l&rsquo;appel, comme celui des sir\u00e8nes. C&rsquo;est que le chant est si beau des loups, si terrible. Et que j&rsquo;aime les choses terribles. Ici, se situe l&rsquo;aveu. Les choses terribles et terriblement aimables n&rsquo;ont pas leur place dans le monde ext\u00e9rieur. La pens\u00e9e seule leur offre logis.<br \/> Mais cela ne suffit pas. Il faut conna\u00eetre l&rsquo;origine et la mati\u00e8re de ces chants des loups.<\/p>\n<\/div>\n<p><!--more--><\/p>\n<p>\u00c9crit et publi\u00e9 depuis mon smartphone (d&rsquo;o\u00f9 les majuscules \u00e0 chaque passage \u00e0 la ligne)<\/p>\n","protected":false},"excerpt":{"rendered":"<p>Malade de pens\u00e9e. Cherche en ce moment \u00e0 quoi me raccrocher. L&rsquo;impression que me font mes lectures (( aussi bien que les conf\u00e9rences que j&rsquo;\u00e9coute, dont je poste les vid\u00e9os ici. ))\u00a0 est toujours forte. Mais je ne sais que faire de cette force ni ce qu&rsquo;elle signifie. De quoi s&rsquo;agit-il de quoi s&rsquo;agit-il ?&hellip; <a class=\"more-link\" href=\"https:\/\/www.disparates.org\/iota\/2014\/10\/a-lorigine-de-la-curiosite-pour-la-pensee-dun-autre\/\">Poursuivre la lecture <span class=\"screen-reader-text\">malade de pens\u00e9e \/ l&rsquo;impression est toujours forte<\/span><\/a><\/p>\n","protected":false},"author":11,"featured_media":0,"comment_status":"closed","ping_status":"closed","sticky":false,"template":"","format":"standard","meta":{"_acf_changed":false,"_jetpack_memberships_contains_paid_content":false,"footnotes":""},"categories":[1],"tags":[1607,1602,1606,1605,472,1570,1230],"class_list":["post-14764","post","type-post","status-publish","format-standard","hentry","category-non-classe","tag-bill-viola","tag-jean-yves-jouannais","tag-pensees","tag-pensees-du-matin","tag-pulsion","tag-stromboli","tag-suicide","entry"],"acf":[],"jetpack_featured_media_url":"","jetpack_sharing_enabled":true,"_links":{"self":[{"href":"https:\/\/www.disparates.org\/iota\/wp-json\/wp\/v2\/posts\/14764","targetHints":{"allow":["GET"]}}],"collection":[{"href":"https:\/\/www.disparates.org\/iota\/wp-json\/wp\/v2\/posts"}],"about":[{"href":"https:\/\/www.disparates.org\/iota\/wp-json\/wp\/v2\/types\/post"}],"author":[{"embeddable":true,"href":"https:\/\/www.disparates.org\/iota\/wp-json\/wp\/v2\/users\/11"}],"replies":[{"embeddable":true,"href":"https:\/\/www.disparates.org\/iota\/wp-json\/wp\/v2\/comments?post=14764"}],"version-history":[{"count":0,"href":"https:\/\/www.disparates.org\/iota\/wp-json\/wp\/v2\/posts\/14764\/revisions"}],"wp:attachment":[{"href":"https:\/\/www.disparates.org\/iota\/wp-json\/wp\/v2\/media?parent=14764"}],"wp:term":[{"taxonomy":"category","embeddable":true,"href":"https:\/\/www.disparates.org\/iota\/wp-json\/wp\/v2\/categories?post=14764"},{"taxonomy":"post_tag","embeddable":true,"href":"https:\/\/www.disparates.org\/iota\/wp-json\/wp\/v2\/tags?post=14764"}],"curies":[{"name":"wp","href":"https:\/\/api.w.org\/{rel}","templated":true}]}}