{"id":1578,"date":"2009-01-05T00:02:13","date_gmt":"2009-01-04T23:02:13","guid":{"rendered":"https:\/\/www.disparates.org\/delta\/?p=1578"},"modified":"2013-06-21T18:27:17","modified_gmt":"2013-06-21T16:27:17","slug":"donnait-des-cours-de-litterature-a-l-universite","status":"publish","type":"post","link":"https:\/\/www.disparates.org\/iota\/2009\/01\/donnait-des-cours-de-litterature-a-l-universite\/","title":{"rendered":"&#8230; j&rsquo;appris un peu plus tard qu&rsquo;il donnait des cours de litt\u00e9rature \u00e0 l&rsquo;universit\u00e9, ce qui lui procurait stabilit\u00e9 \u00e9conomique et temps pour se consacrer \u00e0 la lecture et \u00e0 la recherche, qu&rsquo;il avait d\u00e9j\u00e0 deux enfants, un gar\u00e7on et une fille."},"content":{"rendered":"<table border=\"0\" cellspacing=\"0\" cellpadding=\"0\">\n<tbody>\n<tr valign=\"top\">\n<td colspan=\"2\"><a href=\"https:\/\/i0.wp.com\/www.disparates.org\/delta\/wp-content\/uploads\/les-vacances1.jpg?ssl=1\"><img data-recalc-dims=\"1\" decoding=\"async\" alt=\"les-vacances\" src=\"https:\/\/i0.wp.com\/www.disparates.org\/delta\/wp-content\/uploads\/les-vacances1.jpg?resize=821%2C756&#038;ssl=1\" width=\"821\" height=\"756\" \/><\/a><br \/> toutes les photos sont de jules. prises le jour o\u00f9 nous avons fait le sapin de no\u00ebl. au premier jour des vacances. maintenant, c&rsquo;est fini, les vacances.<\/td>\n<\/tr>\n<tr valign=\"top\">\n<td style=\"width: 251px;\"><img data-recalc-dims=\"1\" decoding=\"async\" alt=\"sont\" src=\"https:\/\/i0.wp.com\/www.disparates.org\/delta\/wp-content\/uploads\/sont.jpg?resize=251%2C1245&#038;ssl=1\" width=\"251\" height=\"1245\" \/><\/td>\n<td><img data-recalc-dims=\"1\" width=\"940\" decoding=\"async\" alt=\"finies\" src=\"https:\/\/i0.wp.com\/www.disparates.org\/delta\/wp-content\/uploads\/finies-521x1121-custom.jpg?fit=940%2C1245&#038;ssl=1\" height=\"1245\" \/><\/td>\n<\/tr>\n<\/tbody>\n<\/table>\n","protected":false},"excerpt":{"rendered":"<p>toutes les photos sont de jules. prises le jour o\u00f9 nous avons fait le sapin de no\u00ebl. au premier jour des vacances. maintenant, c&rsquo;est fini, les vacances.<\/p>\n","protected":false},"author":11,"featured_media":0,"comment_status":"closed","ping_status":"closed","sticky":false,"template":"","format":"image","meta":{"_acf_changed":false,"_jetpack_memberships_contains_paid_content":false,"footnotes":""},"categories":[1,1063],"tags":[1112,883,1113,1114,1115,1116],"class_list":["post-1578","post","type-post","status-publish","format-image","hentry","category-non-classe","category-copiecolle","tag-emploi-du-temps","tag-femme-de-menage","tag-lutte-des-classes","tag-mini-julos","tag-noel","tag-roberto-bolano","post_format-post-format-image","entry"],"acf":[],"jetpack_featured_media_url":"","jetpack_sharing_enabled":true,"_links":{"self":[{"href":"https:\/\/www.disparates.org\/iota\/wp-json\/wp\/v2\/posts\/1578","targetHints":{"allow":["GET"]}}],"collection":[{"href":"https:\/\/www.disparates.org\/iota\/wp-json\/wp\/v2\/posts"}],"about":[{"href":"https:\/\/www.disparates.org\/iota\/wp-json\/wp\/v2\/types\/post"}],"author":[{"embeddable":true,"href":"https:\/\/www.disparates.org\/iota\/wp-json\/wp\/v2\/users\/11"}],"replies":[{"embeddable":true,"href":"https:\/\/www.disparates.org\/iota\/wp-json\/wp\/v2\/comments?post=1578"}],"version-history":[{"count":0,"href":"https:\/\/www.disparates.org\/iota\/wp-json\/wp\/v2\/posts\/1578\/revisions"}],"wp:attachment":[{"href":"https:\/\/www.disparates.org\/iota\/wp-json\/wp\/v2\/media?parent=1578"}],"wp:term":[{"taxonomy":"category","embeddable":true,"href":"https:\/\/www.disparates.org\/iota\/wp-json\/wp\/v2\/categories?post=1578"},{"taxonomy":"post_tag","embeddable":true,"href":"https:\/\/www.disparates.org\/iota\/wp-json\/wp\/v2\/tags?post=1578"}],"curies":[{"name":"wp","href":"https:\/\/api.w.org\/{rel}","templated":true}]}}