{"id":17272,"date":"2016-09-11T08:24:49","date_gmt":"2016-09-11T06:24:49","guid":{"rendered":"https:\/\/www.disparates.org\/iota\/?p=17272"},"modified":"2016-09-21T12:14:23","modified_gmt":"2016-09-21T10:14:23","slug":"les-frigos-une-question-despace-et-de-mouvement","status":"publish","type":"post","link":"https:\/\/www.disparates.org\/iota\/2016\/09\/les-frigos-une-question-despace-et-de-mouvement\/","title":{"rendered":"les frigos &#8211; une question d&rsquo;espace et de mouvement"},"content":{"rendered":"<p>08:24<\/p>\n<p>[R\u00e9veill\u00e9 \u00e0 6h30, hier d\u00e9j\u00e0, net progr\u00e8s. <a href=\"https:\/\/www.disparates.org\/iota\/2016\/lhorloge-biologique-chinoise-mise-a-lheure-dete\/\">6h30, heures des poumons.<\/a>]<\/p>\n<p>Pour\u00a0 le moment, je suis tr\u00e8s triste mais ce n&rsquo;est peut \u00eatre qu&rsquo;une question d&rsquo;espace et de mouvements. Qu&rsquo;il me manque, qu&rsquo;il nous manque,\u00a0 l&rsquo;espace et les mouvements.\u00a0<\/p>\n<p>Nous \u00e9tions l&rsquo;autre jour chez Darty, \u00e0 l&rsquo;\u00e9tage des frigos, et moi qui allais si mal, au bout d&rsquo;un moment, j&rsquo;ai senti que j&rsquo;allais beaucoup mieux, que j&rsquo;\u00e9tais m\u00eame joyeuse, oui, que nous \u00e9tions tous pass\u00e9s joyeux. Mais, ce qui nous plaisait, peut-\u00eatre, je le r\u00e9alise maintenant, ce n&rsquo;\u00e9tait pas tant d&rsquo;acheter ensemble, l&rsquo;acte consommatoire, que de circuler ensemble d&rsquo;un frigo \u00e0 l&rsquo;autre en nous amusant \u00e0 les commenter, en les ouvrant joyeusement, et que cela se passe dans un espace tr\u00e8s grand, tr\u00e8s haut de plafond, une vieille b\u00e2tisse peinte en blanc, o\u00f9 nous pouvions nous d\u00e9ployer, glisser, \u00a0tandis que nos paroles \u00e9coulaient des commentaires l\u00e9gers, nous offrant pour un court instant (de r\u00e9aliser son but, \u00e0 la parole et) d&rsquo;atteindre un certain accord sur l&rsquo;objet, en l\u2019occurrence, le frigo. Lequel n&rsquo;avait que tr\u00e8s peu d&rsquo;importance, au moins dans sa fonction premi\u00e8re, m\u00eame si, \u00e0 la r\u00e9flexion, leur taille, g\u00e9n\u00e9reuse, l\u00e9g\u00e8rement sup\u00e9rieure \u00e0 la n\u00f4tre, pos\u00e9s qu&rsquo;ils \u00e9taient, align\u00e9s sur une sur\u00e9l\u00e9vation du sol, leur ample largeur, la douceur de leurs courbes, en faisaient des objets rassurants. Et sans d&rsquo;ailleurs que nous nous payions l&rsquo;illusion de pouvoir acqu\u00e9rir ce caract\u00e8re, tant l&rsquo;espace confin\u00e9 de notre propre cuisine en aurait, je le crains, plut\u00f4t fait ressortir l&rsquo;aspect morbide, \u00a0d\u00e8s que nous l&rsquo;y aurions coinc\u00e9. Eh quoi, pas de nouveau frigo, alors.\u00a0<\/p>\n<p>*<\/p>\n<p>08:41<\/p>\n<p><strong>Il est temps que nous r\u00e9cup\u00e9rions nos organes. Nos organes et les espaces qui leur conviennent.<\/strong><\/p>\n<p>Je me demande s&rsquo;il y a assez d&rsquo;espace sur terre pour que chacun y soit log\u00e9 dignement. Chacun d&rsquo;entre devrait pouvoir\u00a0 vivre dans un ch\u00e2teau. Certains d&rsquo;entre-nous, toutefois, pr\u00e9f\u00e8rent-ils peut-\u00eatre des espaces plus confin\u00e9s. Cela dit, d\u00e8s que l&rsquo;espace public nous aura \u00e9t\u00e9 restitu\u00e9, la question ne se posera peut-\u00eatre plus de fa\u00e7on si poignante.\u00a0<\/p>\n<p>De mon point de vue, l&rsquo;espace ext\u00e9rieur n&rsquo;est plus am\u00e9nag\u00e9 que pour que les travailleurs travaillent. Que l&rsquo;on songe aux voitures, n&rsquo;est-ce pour le travail qu&rsquo;elles circulent d&rsquo;abord principalement. Et lorsqu&rsquo;elles circulent toutes ensemble aux moments des transhumances d&rsquo;\u00e9t\u00e9, n&rsquo;est-ce encore pour ob\u00e9ir aux exigences du travail.\u00a0<\/p>\n<p>Et donc, non, il ne s&rsquo;agit plus d&rsquo;un espace public, d&rsquo;un espace appartenant \u00e0 la cause du vivre ensemble, \u00e0 la <em>polis<\/em>, mais d&rsquo;un espace d\u00e9di\u00e9 \u00e0 la mise aux travail des humains.<\/p>\n<p>(Je me propose d&rsquo;observer s&rsquo;il n&rsquo;y aurait pas quelque \u00a0avantage \u00e0 traiter la parole comme un organe. Que nous apprenions \u00e0 en prendre soin comme nous apprenons \u00e0 prendre soin de nos organes, \u00e0 nous les r\u00e9approprier.)<\/p>\n","protected":false},"excerpt":{"rendered":"<p>08:24 [R\u00e9veill\u00e9 \u00e0 6h30, hier d\u00e9j\u00e0, net progr\u00e8s. 6h30, heures des poumons.] Pour\u00a0 le moment, je suis tr\u00e8s triste mais ce n&rsquo;est peut \u00eatre qu&rsquo;une question d&rsquo;espace et de mouvements. Qu&rsquo;il me manque, qu&rsquo;il nous manque,\u00a0 l&rsquo;espace et les mouvements.\u00a0 Nous \u00e9tions l&rsquo;autre jour chez Darty, \u00e0 l&rsquo;\u00e9tage des frigos, et moi qui allais si&hellip; <a class=\"more-link\" href=\"https:\/\/www.disparates.org\/iota\/2016\/09\/les-frigos-une-question-despace-et-de-mouvement\/\">Poursuivre la lecture <span class=\"screen-reader-text\">les frigos &#8211; une question d&rsquo;espace et de mouvement<\/span><\/a><\/p>\n","protected":false},"author":11,"featured_media":0,"comment_status":"closed","ping_status":"closed","sticky":false,"template":"","format":"standard","meta":{"_acf_changed":false,"_jetpack_memberships_contains_paid_content":false,"footnotes":""},"categories":[1],"tags":[694,1014,973],"class_list":["post-17272","post","type-post","status-publish","format-standard","hentry","category-non-classe","tag-espace","tag-organe","tag-parole","entry"],"acf":[],"jetpack_featured_media_url":"","jetpack_sharing_enabled":true,"_links":{"self":[{"href":"https:\/\/www.disparates.org\/iota\/wp-json\/wp\/v2\/posts\/17272","targetHints":{"allow":["GET"]}}],"collection":[{"href":"https:\/\/www.disparates.org\/iota\/wp-json\/wp\/v2\/posts"}],"about":[{"href":"https:\/\/www.disparates.org\/iota\/wp-json\/wp\/v2\/types\/post"}],"author":[{"embeddable":true,"href":"https:\/\/www.disparates.org\/iota\/wp-json\/wp\/v2\/users\/11"}],"replies":[{"embeddable":true,"href":"https:\/\/www.disparates.org\/iota\/wp-json\/wp\/v2\/comments?post=17272"}],"version-history":[{"count":0,"href":"https:\/\/www.disparates.org\/iota\/wp-json\/wp\/v2\/posts\/17272\/revisions"}],"wp:attachment":[{"href":"https:\/\/www.disparates.org\/iota\/wp-json\/wp\/v2\/media?parent=17272"}],"wp:term":[{"taxonomy":"category","embeddable":true,"href":"https:\/\/www.disparates.org\/iota\/wp-json\/wp\/v2\/categories?post=17272"},{"taxonomy":"post_tag","embeddable":true,"href":"https:\/\/www.disparates.org\/iota\/wp-json\/wp\/v2\/tags?post=17272"}],"curies":[{"name":"wp","href":"https:\/\/api.w.org\/{rel}","templated":true}]}}