{"id":17482,"date":"2016-09-24T09:45:00","date_gmt":"2016-09-24T07:45:00","guid":{"rendered":"https:\/\/www.disparates.org\/iota\/?p=17482"},"modified":"2016-09-26T16:46:50","modified_gmt":"2016-09-26T14:46:50","slug":"quelle-presence-du-chi-en-europe","status":"publish","type":"post","link":"https:\/\/www.disparates.org\/iota\/2016\/09\/quelle-presence-du-chi-en-europe\/","title":{"rendered":"Quelle pr\u00e9sence du chi en Europe"},"content":{"rendered":"<p>Samedi matin. Donn. R\u00e9veill\u00e9e \u00e0 8h!<\/p>\n<p>Eau chaude, avoine +lait de soja ti\u00e8de.<\/p>\n<p><strong>Quelle pr\u00e9sence du chi en Europe<\/strong><\/p>\n<p>Le chi devant \u00eatre \u00e9tant universel, je me pose la question de son apparente absence en Europe et dans les pays occidentaux. <br \/>\nEntre-nous, nous sommes probablement conva<\/p>\n<p>Bonjour,<br \/>\nAvez-vous une id\u00e9e de la raison pour laquelle on ne trouve de connaissances et d&rsquo;\u00e9tude du chi<\/p>\n<p>Bonjour,<\/p>\n<p>Le chi en Europe et dans les pays occidentaux n&rsquo;est pas connu. Mais en a-t-il toujours \u00e9t\u00e9 ainsi et ne disposerions-nous pas de sources qui attesteraient par le pass\u00e9 de sa pr\u00e9sence, ou plus exactement de sa connaissance, de sa reconnaissance, de son utilisation, f\u00fbt-ce \u00e0 des fins m\u00e9dicinales.\u00a0 Je pense par exemple \u00e0 des danses, \u00e0 des rites, ou \u00e0 la connaissance de plantes m\u00e9dicinales, soit \u00e0 une forme de connaissance du corps li\u00e9 \u00e0 un savoir ancestral.<\/p>\n<p>Y aurait-il eu, en Europe, un moment critique de la disparition du chi dans les usages et la vie quotidienne ou y s&rsquo;agirait-il plut\u00f4t d&rsquo;une tendance de fond, lourde, qui l&rsquo;aurait men\u00e9e petit \u00e0 petit \u00e0 rejeter dans l&rsquo;oubli et la d\u00e9n\u00e9gation les manifestations du chi.<\/p>\n<p>Qu&rsquo;est-ce qui donc distingue l&rsquo;Asie, a fortiori la Chine, l&rsquo;Afrique probablement \u00e9galement, mais d&rsquo;autres contr\u00e9es certainement, de notre bonne vieille Europe.<\/p>\n<p>Me viennent deux, trois choses \u00e0 l&rsquo;esprit,<\/p>\n<p>Le rapport \u00e0 la langue, au langage, la supr\u00e9matie accord\u00e9e aux choses de l&rsquo;esprit, du fait de&#8230; Du fait de quoi ?<\/p>\n<p>Du lien que je fais, sans que je puisse vraiment le justifier, entre pouvoir et langage.<\/p>\n<p>Et puis, faudrait-il \u00e9galement en attribuer la cause, de son peu de prosp\u00e9rit\u00e9, au chi, l&rsquo;une des causes, \u00e0 la religion chr\u00e9tienne, \u00e0 son d\u00e9ni du corps.<\/p>\n<p>Enfin, aux avanc\u00e9es de la science, plus rapides en Europe, certainement en raison justement de sa ma\u00eetrise de la langue et du langage. Avanc\u00e9es scientifiques qui l&rsquo;auront men\u00e9e \u00e0 dominer le monde et \u00e0 s\u00e9parer l&rsquo;humain de son corps, la science en ayant dor\u00e9navant en charge le soin et la p\u00e9rennit\u00e9, cela ind\u00e9pendamment, cela au d\u00e9pens de l&rsquo;intime connaissance que chacun peut avoir de lui-m\u00eame, de son inconscient, de son chi.<\/p>\n<p>Le corps est consid\u00e9r\u00e9 comme une organe fonctionnant ind\u00e9pendamment de la personne qu&rsquo;il abrite, comme l&rsquo;une des machines mises au monde par la science, comme un cadavre.<\/p>\n<p>Bon, tout cela est su, et je m&rsquo;\u00e9loigne de ce qui m&rsquo;int\u00e9resse.<\/p>\n<p>\u00a0Quel nouveau lien \u00e9tablir avec le langage, qui ne soit plus un lien de conqu\u00eate et de ma\u00eetrise. Ma\u00eetrise qui d\u00e9nie, renie, ce qui du langage, ou plut\u00f4t de l&rsquo;\u00e9criture scientifique, ne s&rsquo;atteste pas. (Comment int\u00e9grer dans le langage, dans la langue, dans la communication, son jeu, son im-pertinence, sa non-pertinence, sa non-universalit\u00e9).<\/p>\n<p>Une question qui me taraude depuis longtemps : dispose-ton\u00a0 de\u00a0 traductions suffisamment sagaces de textes chinois et japonais, qui laissent entendre aux oreilles occidentales la pr\u00e9sence du chi, sans l&rsquo;avoir occult\u00e9, parce qu&rsquo;inconnu. <\/p>\n","protected":false},"excerpt":{"rendered":"<p>Samedi matin. Donn. R\u00e9veill\u00e9e \u00e0 8h! Eau chaude, avoine +lait de soja ti\u00e8de. Quelle pr\u00e9sence du chi en Europe Le chi devant \u00eatre \u00e9tant universel, je me pose la question de son apparente absence en Europe et dans les pays occidentaux. Entre-nous, nous sommes probablement conva Bonjour, Avez-vous une id\u00e9e de la raison pour laquelle&hellip; <a class=\"more-link\" href=\"https:\/\/www.disparates.org\/iota\/2016\/09\/quelle-presence-du-chi-en-europe\/\">Poursuivre la lecture <span class=\"screen-reader-text\">Quelle pr\u00e9sence du chi en Europe<\/span><\/a><\/p>\n","protected":false},"author":12,"featured_media":0,"comment_status":"open","ping_status":"closed","sticky":false,"template":"","format":"standard","meta":{"_acf_changed":false,"_jetpack_memberships_contains_paid_content":false,"footnotes":""},"categories":[1],"tags":[1793,1734,1774],"class_list":["post-17482","post","type-post","status-publish","format-standard","hentry","category-non-classe","tag-biotechnologie","tag-chi","tag-crise-de-foie","entry"],"acf":[],"jetpack_featured_media_url":"","jetpack_sharing_enabled":true,"_links":{"self":[{"href":"https:\/\/www.disparates.org\/iota\/wp-json\/wp\/v2\/posts\/17482","targetHints":{"allow":["GET"]}}],"collection":[{"href":"https:\/\/www.disparates.org\/iota\/wp-json\/wp\/v2\/posts"}],"about":[{"href":"https:\/\/www.disparates.org\/iota\/wp-json\/wp\/v2\/types\/post"}],"author":[{"embeddable":true,"href":"https:\/\/www.disparates.org\/iota\/wp-json\/wp\/v2\/users\/12"}],"replies":[{"embeddable":true,"href":"https:\/\/www.disparates.org\/iota\/wp-json\/wp\/v2\/comments?post=17482"}],"version-history":[{"count":0,"href":"https:\/\/www.disparates.org\/iota\/wp-json\/wp\/v2\/posts\/17482\/revisions"}],"wp:attachment":[{"href":"https:\/\/www.disparates.org\/iota\/wp-json\/wp\/v2\/media?parent=17482"}],"wp:term":[{"taxonomy":"category","embeddable":true,"href":"https:\/\/www.disparates.org\/iota\/wp-json\/wp\/v2\/categories?post=17482"},{"taxonomy":"post_tag","embeddable":true,"href":"https:\/\/www.disparates.org\/iota\/wp-json\/wp\/v2\/tags?post=17482"}],"curies":[{"name":"wp","href":"https:\/\/api.w.org\/{rel}","templated":true}]}}