{"id":17673,"date":"2016-11-19T19:24:41","date_gmt":"2016-11-19T18:24:41","guid":{"rendered":"https:\/\/www.disparates.org\/iota\/?p=17673"},"modified":"2016-11-27T19:55:48","modified_gmt":"2016-11-27T18:55:48","slug":"relectures","status":"publish","type":"post","link":"https:\/\/www.disparates.org\/iota\/2016\/11\/relectures\/","title":{"rendered":"relectures"},"content":{"rendered":"<p>19.XI.16<\/p>\n<p>7h30<\/p>\n<p>R\u00e9veill\u00e9e, lev\u00e9e, bu grand verre d&rsquo;eau ti\u00e8de, ne sais pas bien quoi faire, assise au salon dans le noir, ne peut pas faire de bruit, tout le monde dort.\u00a0<\/p>\n<div>Hier, et \u00e7a m&rsquo;a pris la journ\u00e9e, retourn\u00e9e sur le blog. Avais plus allum\u00e9 l&rsquo;ordi depuis longtemps. Y ai relu <a href=\"https:\/\/www.disparates.org\/iota\/tag\/retard\/\">des textes sur le retard.<\/a>\u00a0 Sur Duchamp et le retard.<\/div>\n<div>\u00a0<\/div>\n<div>(\u00a0Dans la foul\u00e9e, trouv\u00e9 <a href=\"http:\/\/sebastienrongier.net\/spip.php?article232\" target=\"_blank\">un beau texte sur l&rsquo;internet \u00e0 propos du retard et des deux Marcel, Proust et Duchamp<\/a>. Il y est \u00e9galement question de Socrate.)<\/div>\n<div>\u00a0<\/div>\n<p>De fil en aiguille, dans mes p\u00e9r\u00e9grinations, tomb\u00e9e sur <a href=\"https:\/\/www.disparates.org\/iota\/reves\/evenement-lacan\/\">de vieux r\u00eaves de mai 2006<\/a>\u00a0 que j&rsquo;ai tent\u00e9 de retravailler, tant leurs analyses sont\u00a0 mal foutues. Leur analyse et leur pr\u00e9sentation. Je sais qu&rsquo;\u00e0 l&rsquo;\u00e9poque je n&rsquo;aurais pas pu faire mieux. Je ne pense d&rsquo;ailleurs pas pourvoir faire beaucoup mieux aujourd&rsquo;hui. Il me semble toujours, il finit toujours pas me sembler que je n&rsquo;arrive pas \u00e0 saisir de conclusion. J&rsquo;analyse, je d\u00e9veloppe. A chaque fois, il me semble qu&rsquo;un \u00ab\u00a0donc\u00a0\u00bb se dessine, se profile qui reste fantomatique, insaisissable, d\u00e9courageant. L\u00e0, je ne sais pas si je dois tenter de les reprendre \u00e0 nouveau, ou laisser tomber.<\/p>\n<p>Je cherche une voie \u00e0 mon assiduit\u00e9. Je n&rsquo;en n&rsquo;ai plus aucune, pas la moindre. Pour \u00e7a que je r\u00eave de <a href=\"https:\/\/www.disparates.org\/iota\/tag\/re-discipline\/\">discipline<\/a>.<\/p>\n<p style=\"margin-left: 46px; font-size: 13px;\">\u00ab\u00a0D\u2019autre part, si vous \u00eatre trop spacieux sans focalisation suffisante, vous n\u2019\u00eates pas centr\u00e9 et vous pouvez facilement vous \u00e9vader et faire du tort \u00e0 vous-m\u00eame et aux autres. \u00catre spacieux sans focalisation cr\u00e9e un esprit qui saute continuellement d\u2019une chose \u00e0 l\u2019autre \u2013 une forme de d\u00e9ficit d\u2019attention \u2013 et ne ralentit pas suffisamment pour observer r\u00e9ellement ce qui se passe et comment accomplir ce qui doit vraiment \u00eatre fait.\u00a0\u00bb<\/p>\n<p>Hier, j&rsquo;ai finalement rouvert dans Word, un autre texte, plus r\u00e9cent, que je ne suis pas encore arriv\u00e9e \u00e0 finir. \u00a0\u00a0<a href=\"https:\/\/www.disparates.org\/iota\/2016\/ce-qui-est-sur-cest-que-hors-corps-le-langage-est-mort\/\">Un texte en r\u00e9action \u00e0 un propos d\u2019\u00c9lise sur Stromboli, \u00e0 propos du travail et de la pente, ce que j&rsquo;appelle l\u00e0 \u00a0\u00bb la pente\u00a0\u00bb, reprenant un terme \u00e0 lui dans son bouquin<\/a>.\u00a0<\/p>\n<p>Possiblement, je n&rsquo;ose plus atteler ma pens\u00e9e \u00e0 quoi que ce soit. Peur de ses emballements aussi bien que de ses blocages. Je me vide.<\/p>\n<p>S&rsquo;agissant de ma m\u00e9moire<strong>.<\/strong> C&rsquo;est parce que je la perds que j&rsquo;ai arr\u00eat\u00e9 les antid\u00e9presseurs, mais je n&rsquo;ai plus du tout confiance en elle. D\u00e8s qu&rsquo;il y a quelque chose qu&rsquo;il faudrait retenir, je panique, je cherche de quoi noter. Dans ce que je relisais hier sur le blog, j&rsquo;ai trouv\u00e9 des traces d\u00e9j\u00e0 de ces perturbations. En plusieurs endroits, je cherche le nom de quelqu&rsquo;un, qui ne me revient d&rsquo;abord pas, puis qui finit par me revenir. De ces h\u00e9sitations, de ces trous, j&rsquo;ai toujours voulu laisser la trace. Je n&rsquo;aurais pas pu renoncer \u00e0 cela, renoncer \u00e0 faire \u00e9tat de mon \u00ab\u00a0manque \u00e0 savoir\u00a0\u00bb.\u00a0 J&rsquo;aurais trouv\u00e9 cela malhonn\u00eate et surtout, il m&rsquo;aurait sembl\u00e9 y perdre quelque chose, y perdre ce qui m&rsquo;importe : parler depuis l&rsquo;absence de ma\u00eetrise, faire \u00e9tat des trous, des manques, et que \u00e7a parle depuis l\u00e0.\u00a0 L&rsquo;oubli cependant m&rsquo;inqui\u00e8te.\u00a0 J&rsquo;ai tent\u00e9 de le traiter en sympt\u00f4me.\u00a0 <a href=\"https:\/\/www.disparates.org\/iota\/tag\/oubli\/\">Au d\u00e9part, il ne s&rsquo;agissait que de celui des noms propres (que j&rsquo;ai beaucoup analys\u00e9, m&rsquo;appuyant du texte de Freud sur l&rsquo;oubli des noms propres). Mais il s&rsquo;est ensuite \u00e9tendu bien au-del\u00e0.\u00a0 Et je ne cesse de rebuter sur cette perte des mots, sans que je sache quand \u00e7a a commenc\u00e9 ; \u00a0si \u00e7a a commenc\u00e9 un jour, oui, il me semble, que \u00e7a n&rsquo;a pas \u00e9t\u00e9 comme \u00e7a de toute \u00e9ternit\u00e9.<\/a> Il s&rsquo;agit bien d&rsquo;une perte.\u00a0 Qu&rsquo;on attribuera pour partie \u00e0 l&rsquo;\u00e2ge (\u00a0ou \u00e0 une tu-meurs au cerveau) mais que j&rsquo;impute \u00e9galement \u00e0 un manque d&rsquo;exercice, \u00e0 force de solitude. \u00c7a a toujours fait partie des raisons pour lesquelles j&rsquo;ai voulu \u00e9crire, continuer d&rsquo;\u00e9crire dans le blog : m&rsquo;exercer, continuer de m&rsquo;exercer au maniement du langage. Quand j&rsquo;y renonce, c&rsquo;est que cela me para\u00eet vain. Et que je m&rsquo;effraie de cette aspiration par le d\u00e9sir d&rsquo;\u00e9crire, qui tourne \u00e0 l&rsquo;obsession, que je consid\u00e8re malade.\u00a0 Et que je veux retourner, aller plus loin encore,\u00a0 dans l&rsquo;oubli du langage.\u00a0 D&rsquo;o\u00f9 mes longs silences, et sur le blog.\u00a0 Mon int\u00e9r\u00eat pour le zen, le ta\u00ef chi, la m\u00e9ditation.\u00a0<\/p>\n<p>\/\/ Et puis, c&rsquo;est toujours quand je suis sur le point d&rsquo;\u00e9crire quelque chose que j&rsquo;arr\u00eate. D&rsquo;\u00e9crire quelque chose d&rsquo;autre, et que je n&rsquo;y arrive pas. Que j&rsquo;arr\u00eate. Jusqu&rsquo;\u00e0 l&rsquo;oubli. Pour le red\u00e9couvrir, alors, plus tard, neuf et l\u00e9g\u00e8rement modifi\u00e9. \/\/<\/p>\n","protected":false},"excerpt":{"rendered":"<p>19.XI.16<\/p>\n<p>7h30<\/p>\n<p>R\u00e9veill\u00e9e, lev\u00e9e, bu grand verre d&rsquo;eau ti\u00e8de, ne sais pas bien quoi faire, assise au salon dans le noir, ne peut pas faire de bruit, tout le monde dort.<\/p>\n<div>Hier, et \u00e7a m&rsquo;a pris la journ\u00e9e, retourn\u00e9e sur le blog. Avais plus allum\u00e9 l&rsquo;ordi depuis longtemps. Y ai relu <a href=\"https:\/\/www.disparates.org\/iota\/tag\/retard\/\">des textes sur le retard. Sur Duchamp et le retard.<\/a> (Dans la foul\u00e9e, trouv\u00e9 <a href=\"http:\/\/sebastienrongier.net\/spip.php?article232\" target=\"_blank\">un beau texte sur l&rsquo;internet \u00e0 propos du retard et des deux Marcel, Proust et Duchamp<\/a>. Il y est \u00e9galement question de Socrate.)<\/div>\n<div><\/div>\n<p>De fil en aiguille, dans mes p\u00e9r\u00e9grinations, tomb\u00e9e sur <a href=\"https:\/\/www.disparates.org\/iota\/reves\/evenement-lacan\/\">de vieux r\u00eaves de mai 2006<\/a>, que j&rsquo;ai tent\u00e9 de retravailler, tant \u00a0leurs analyses sont\u00a0 mal foutues. Leur analyse et leur pr\u00e9sentation. Je sais qu&rsquo;\u00e0 l&rsquo;\u00e9poque je n&rsquo;aurais pas pu faire mieux. Je ne pense d&rsquo;ailleurs pas pourvoir faire beaucoup mieux aujourd&rsquo;hui. Il me semble toujours, il finit toujours pas me sembler que je n&rsquo;arrive pas \u00e0 saisir de conclusion. J&rsquo;analyse, je d\u00e9veloppe. Et \u00e0 chaque fois, il me semble qu&rsquo;il y a l\u00e0 un \u00ab\u00a0donc\u00a0\u00bb qui se dessine, qui se profile et qui reste fantomatique, insaisissable. L\u00e0, je ne sais pas si je dois tenter de les reprendre \u00e0 nouveau, ou laisser tomber.<\/p>\n<p>Je cherche une voie \u00e0 mon assiduit\u00e9. Je n&rsquo;en n&rsquo;ai plus aucune, pas la moindre. C&rsquo;est pour \u00e7a que je r\u00eave de discipline.<\/p>\n","protected":false},"author":12,"featured_media":0,"comment_status":"open","ping_status":"closed","sticky":false,"template":"","format":"standard","meta":{"_acf_changed":false,"_jetpack_memberships_contains_paid_content":false,"footnotes":""},"categories":[1],"tags":[1806,1807,1503,1250,1570],"class_list":["post-17673","post","type-post","status-publish","format-standard","hentry","category-non-classe","tag-discipline","tag-division-entre-le-langage-et-le-reel","tag-oubli","tag-retard","tag-stromboli","entry"],"acf":[],"jetpack_featured_media_url":"","jetpack_sharing_enabled":true,"_links":{"self":[{"href":"https:\/\/www.disparates.org\/iota\/wp-json\/wp\/v2\/posts\/17673","targetHints":{"allow":["GET"]}}],"collection":[{"href":"https:\/\/www.disparates.org\/iota\/wp-json\/wp\/v2\/posts"}],"about":[{"href":"https:\/\/www.disparates.org\/iota\/wp-json\/wp\/v2\/types\/post"}],"author":[{"embeddable":true,"href":"https:\/\/www.disparates.org\/iota\/wp-json\/wp\/v2\/users\/12"}],"replies":[{"embeddable":true,"href":"https:\/\/www.disparates.org\/iota\/wp-json\/wp\/v2\/comments?post=17673"}],"version-history":[{"count":0,"href":"https:\/\/www.disparates.org\/iota\/wp-json\/wp\/v2\/posts\/17673\/revisions"}],"wp:attachment":[{"href":"https:\/\/www.disparates.org\/iota\/wp-json\/wp\/v2\/media?parent=17673"}],"wp:term":[{"taxonomy":"category","embeddable":true,"href":"https:\/\/www.disparates.org\/iota\/wp-json\/wp\/v2\/categories?post=17673"},{"taxonomy":"post_tag","embeddable":true,"href":"https:\/\/www.disparates.org\/iota\/wp-json\/wp\/v2\/tags?post=17673"}],"curies":[{"name":"wp","href":"https:\/\/api.w.org\/{rel}","templated":true}]}}