{"id":18674,"date":"2018-07-18T17:00:04","date_gmt":"2018-07-18T16:00:04","guid":{"rendered":"https:\/\/disparates.org\/correspondance\/?p=476"},"modified":"2018-07-18T17:00:04","modified_gmt":"2018-07-18T16:00:04","slug":"le-sambuc-mardi-18-juillet-5h-du-mat","status":"publish","type":"post","link":"https:\/\/www.disparates.org\/iota\/2018\/07\/le-sambuc-mardi-18-juillet-5h-du-mat\/","title":{"rendered":"Le Sambuc, mardi 18 juillet, 5h du mat."},"content":{"rendered":"\n<p><em>Mais, ce que je voudrais, c&rsquo;est parler, abondamment. Puis que dans l&rsquo;espace des voix r\u00e9sonnent, s&rsquo;exclament, sonnent. Et disent ce qu&rsquo;elles veulent.<\/em><\/p>\n\n\n\n<h3 class=\"wp-block-heading\">R\u00eave\u00a0<\/h3>\n\n\n\n<p>I. Suis\nmont\u00e9e trop haut sur \u00e9chelle qui va trop haut. F aussi, en a assez, veut\nredescendre. Je lui demande d&rsquo;attendre que je descende moi-m\u00eame, je n&rsquo;y arrive\npas, j&rsquo;ai le vertige.\u00a0<\/p>\n\n\n\n<p>II. F fait une activit\u00e9 avec Dotta. Elle, essaye de faire quelque chose,\u00a0 n&rsquo;y arrive pas, voudrait de l&rsquo;aide sans vraiment l&rsquo;exprimer,\u00a0est de mauvaise humeur. <strong>F <em>doit<\/em> choisir un brin de houblon, un \u00e9pi de houblon<\/strong>,\u00a0 parmi plusieurs, tous un peu diff\u00e9rents, <strong>qu&rsquo;elle transformera en bi\u00e8re<\/strong>. Il n&rsquo;arrive pas \u00e0 choisir. Je suis toujours f\u00e2ch\u00e9e avec Dotta, dans le r\u00eave. J&rsquo;ai peine \u00e0 croire <strong>qu&rsquo;un seul \u00e9pi puisse faire une quantit\u00e9 de bi\u00e8re suffisante \u00e0 boire<\/strong>, un verre. Dotta essaie de lancer d&rsquo;autres activit\u00e9s (\u00e0 caract\u00e8re artistique). <\/p>\n\n\n\n<p style=\"text-align:center\">&#8212;&#8211;<\/p>\n\n\n\n<p>Dotta, c&rsquo;est Dotta Syron-Kraft. Pendant des ann\u00e9es ma meilleure amie, artiste, allemande. Tr\u00e8s cr\u00e9ative, me semble-t-il, toujours joyeuse. A \u00e9t\u00e9 mon id\u00e9al, de femme. Aurait chang\u00e9 de caract\u00e8re, d&rsquo;apr\u00e8s ce que j&rsquo;ai pu entendre de la part de proches, se f\u00e2che plus facilement. A l&rsquo;\u00e2ge de quatre ou cinq ans, sa fille a eu un cancer, \u00e0 l&rsquo;\u0153il, qu&rsquo;elle a perdu. Elle doit en avoir 15, aujourd&rsquo;hui, 15 ans.\u00a0 L&rsquo;autre \u0153il est toujours en danger.<\/p>\n\n\n\n<p>Dotta et moi nous \u00e9tions f\u00e2ch\u00e9es juste apr\u00e8s les f\u00eates, cette ann\u00e9e. Par mail. La tension \u00e9tait mont\u00e9e tr\u00e8s\u00a0 fort, tr\u00e8s vite. Elle me hurlait dessus (\u00e9crivait en majuscules), me disait des choses injustes. Et tout d&rsquo;un coup en moi j&rsquo;ai senti que je ne lui pardonnerais pas, jamais. Plus tard, quelques mois plus tard, elle a donn\u00e9 des signes qu&rsquo;elle n&rsquo;\u00e9tait plus f\u00e2ch\u00e9e, un mail de remerciement pour le livre offert \u00e0 sa fille, des <em>likes<\/em> dans Instagram, je n&rsquo;ai pas r\u00e9pondu \u00e0 ces signes.<\/p>\n\n\n\n<p>\u00c7a s&rsquo;\u00e9tait pass\u00e9 en janvier, la dispute. Elle n&rsquo;\u00e9tait pas venue avec sa fille \u00e0 l&rsquo;anniversaire de Anton (\u00e0 Bruxelles) (malentendu foireux), et quand je lui avais envoy\u00e9 un message, lui disant l\u2019urgence pour moi de la voir, de lui parler de trucs,\u00a0 de ma rencontre avec Nathan, avant que nous rentrions \u00e0 Paris, elle m&rsquo;avait dit qu&rsquo;elle \u00e9tait fatigu\u00e9e, qu\u2019elle pouvait juste me dire que je jouais avec le feu. \u00c7a m&rsquo;avait fait un choc.\u00a0 Qu&rsquo;elle me dise \u00e7a.\u00a0 Mais, c&rsquo;est quelques jours plus tard, de retour \u00e0 Paris, comme nous discutions par mail, comme je lui avais, incidemment, dit que c\u2019\u00e9tait dommage qu\u2019elle ne soit pas\u00a0 venue pour l&rsquo;anniversaire de Anton, que tout \u00e9tait parti en vrille, qu&rsquo;elle avait explos\u00e9. <br\/><\/p>\n\n\n\n<p>Elle m&rsquo;avait dit qu&rsquo;elle consid\u00e9rait que les gens devaient savoir. Qu&rsquo;elle n&rsquo;\u00e9tait pas toujours l\u00e0 \u00e0 se plaindre, mais qu&rsquo;il fallait savoir, que \u00e7a n&rsquo;allait pas. Qu&rsquo;il lui arrivait toutes sortes de trucs abominables, que c&rsquo;\u00e9tait affreux, et que moi, je venais avec ce reproche. J&rsquo;avais tent\u00e9 de m&rsquo;excuser, de lui expliquer que ce n&rsquo;\u00e9tait pas possible \u00e0 deviner, mais elle \u00e9tait hors d&rsquo;elle. Et, elle avait fini par me faire le reproche\u00a0 de n\u2019avoir pas \u00e9t\u00e9 l\u00e0 quand sa fille avait \u00e9t\u00e9 malade, avait d\u00fb \u00eatre op\u00e9r\u00e9e \u00e0 nouveau.\u00a0 C&rsquo;\u00e9tait faux, j&rsquo;avais propos\u00e9 d&rsquo;y aller, elle n&rsquo;avait pas voulu, nous nous \u00e9tions parl\u00e9es, beaucoup, par t\u00e9l\u00e9phone, \u00e9crit aussi, et elle ne s&rsquo;en souvenait pas. C&rsquo;est alors que j&rsquo;ai senti quelque chose de cass\u00e9 en moi. Je lui ai dit que j&rsquo;aurais fait n&rsquo;importe quoi pour elle. Et c&rsquo;\u00e9tait vrai. Je ressentais une profonde injustice. Et finalement, je lui ai dit qu&rsquo;elle non plus n&rsquo;avait pas \u00e9t\u00e9 l\u00e0 quand je lui avais \u00e9crit que j&rsquo;allais tr\u00e8s mal. Qu&rsquo;elle n&rsquo;avait pas du tout r\u00e9pondu. Et l\u00e0, elle s\u2019est tue, n\u2019a plus rien dit. Moi, j&rsquo;ai alors jet\u00e9 cet \u00e9change de mails. J&rsquo;ai pens\u00e9 que c&rsquo;\u00e9tait termin\u00e9. Que je ne lui pardonnerais pas. <br\/><\/p>\n\n\n\n<p>Elle\nn\u2019allait pas bien. Et moi, mal. <\/p>\n\n\n\n<p>Possiblement, je me suis simplement rendue compte qu&rsquo;elle ne m&rsquo;aimait pas autant que je l&rsquo;aimais.<\/p>\n\n\n\n<p>Derni\u00e8rement, j&rsquo;aurais pu avoir eu envie de la voir. Elle est vraiment la seule personne \u00e0 qui j&rsquo;aurais aim\u00e9 rendre visite pendant ces vacances, c&rsquo;est la personne que j&rsquo;ai le plus admir\u00e9 au monde. Un mod\u00e8le inatteignable. <strong>Quelque part dans Lacan, il est dit qu\u2019on trouverait toujours dans l\u2019entourage d\u2019un.e n\u00e9vros\u00e9.e obessionnel.le une personne amie qui joue un tel r\u00f4le d\u2019id\u00e9al. Enfin, moi, lisant cela je m\u2019\u00e9tais dit, Tiens, voil\u00e0 Dotta.<\/strong><\/p>\n\n\n\n<p>Elle est la femme id\u00e9ale. Ma femme id\u00e9ale. Celle que je ne serai pas. Que j\u2019ai la chance de conna\u00eetre. J\u2019aimais sa simplicit\u00e9, son art, ce qu&rsquo;elle m&rsquo;a fait comprendre de l&rsquo;art. Avec qui j&rsquo;ai senti la plus grande familiarit\u00e9.\u00a0Mais, on on aurait dit qu&rsquo;elle avait oubli\u00e9 nos conversations, notre amiti\u00e9, de vingt ans, que dis-je, de trente ans.\u00a0C\u2019\u00e9tait aussi une des premi\u00e8res amies de mon fr\u00e8re Jean Pierre. (Elle a \u00e9t\u00e9 tr\u00e8s tr\u00e8s belle, c\u2019\u00e9tait fascinant, la longueur de ses jambes, sa finesse, la perfection du choix de ses v\u00eatements. Maintenant, elle a un peu \u00e9paissi, n\u2019est plus aussi \u00e9blouissante, mais c\u2019est pas grave). Elle a habit\u00e9 un temps avec ma m\u00e8re. C\u2019est l\u00e0 que sa fille \u00e9tait tomb\u00e9e malade. Elle fait partie de la famille. Si ce n\u2019est, qu\u2019effectivement, pour une fois, elle n\u2019est pas venue \u00e0 l\u2019anniversaire de Anton. Et moi, avec tout ce qui se passait, ce qui se d\u00e9faisait, j\u2019avais vraiment eu envie d\u2019offrir une belle f\u00eate \u00e0 Anton, donc, sa pr\u00e9sence m\u2019avait vraiment manqu\u00e9.<\/p>\n\n\n\n<p><strong>Que je r\u00eave d\u2019elle en ce moment\u00a0?<\/strong> Elle, est dans les projets artistiques.  Elle, fait un projet artistique au d\u00e9part de ses probl\u00e8mes divers et vari\u00e9s. Elle, demande de l\u2019aide \u00e0 \u00c9douard, qui n\u2019arrive pas \u00e0 se d\u00e9cider, \u00e0 l\u2019aider. Elle demande sans demander, ce qui me ressemble un peu, elle demande \u00e0 contre coeur. A ce qu&rsquo;il choisisse entre divers \u00e9pis. Cette ind\u00e9cision aussi me ressemble. Elle lui demande de trancher.\u00a0 Et cet \u00e9pi de houblon elle le transformera en bi\u00e8re. <br\/><\/p>\n\n\n\n<p>(Elle, toujours de bonne humeur, elle, rit, rit tout le temps, nous nous rencontrons, voyons, rions, c\u2019est un peu la m\u00eame chose avec Nathan, on se voit, on rit, elle, habite\u00a0 \u00e0 la campagne, sans homme, elle cuisine, bien, facilement, simplement, abondamment, etc. Enfin, la personne que je connaissais, puisque apparemment ces derni\u00e8res ann\u00e9es l&rsquo;ont un peu fatigu\u00e9e, chang\u00e9e, modifi\u00e9e.)<\/p>\n\n\n\n<p style=\"text-align:center\">&#8212;<\/p>\n\n\n\n<p><strong>Le houblon : mes grands-parents, les parents de ma\nm\u00e8re, \u00e9taient cultivateurs de houblon (hop en flamand), en Flandres<\/strong>.\u00a0<\/p>\n\n\n\n<p>Ma m\u00e8re\nracontait toujours qu&rsquo;elle faisait, quand elle \u00e9tait petite, la tourn\u00e9e des\nacheteurs de houblon (?) avec son p\u00e8re, dans la voiture (noire ?\nDS\u00a0?)\u00a0<\/p>\n\n\n\n<p style=\"text-align:center\">&#8212;<\/p>\n\n\n\n<p><strong>Rachel, ma prof de tai chi, au stage avait cueilli une\ntige de bl\u00e9 <\/strong>pendant\nqu&rsquo;elle donnait cours, qu&rsquo;elle avait mise en bouche. Elle \u00e9tait en hauteur, sur\nun petit muret, son geste avait \u00e9t\u00e9 charmant, dr\u00f4le. Elle avait subitement\ninterrompu ses explications, s\u2019\u00e9tait pench\u00e9e en arri\u00e8re, dans le pr\u00e9 dont le\nmuret nous s\u00e9parait,\u00a0 avait cueilli ce\nbrin de bl\u00e9, port\u00e9 \u00e0 sa bouche, \u00e9clat\u00e9 de rire.<\/p>\n\n\n\n<p style=\"text-align:center\">&#8212;<\/p>\n\n\n\n<p>Nathan,\nblond.<\/p>\n\n\n\n<p style=\"text-align:center\">&#8212;<\/p>\n\n\n\n<p><strong>Les \u00e9pis entre lesquels il faut choisir<\/strong>\u00a0: il y en a plusieurs, tous\ndiff\u00e9rents, certains color\u00e9s, tress\u00e9s. Depuis quelques temps, je ne sais plus\njamais choisir et suis oblig\u00e9e de demander \u00e0 \u00c9douard de trancher. (c\u2019est parce\nque je ne sais pas choisir qu\u2019il n\u2019y a pas d\u2019art).<\/p>\n\n\n\n<p style=\"text-align:center\">&#8212;<\/p>\n\n\n\n<p>Le premier r\u00eave<\/p>\n\n\n\n<p>Les \u00e9chelles. Suis-je \u00ab\u00a0mont\u00e9e trop haut\u00a0\u00bb avec\nP\u00a0? que j\u2019aie le vertige\u00a0? que je ne puisse redescendre\u00a0? <\/p>\n\n\n\n<p>Les \u00e9chelles\u00a0: tr\u00e8s, tr\u00e8s hautes. <\/p>\n\n\n\n<p>Avais lu un livre quand j\u2019\u00e9tais petite, trouv\u00e9 je ne sais o\u00f9, vol\u00e9 peut-\u00eatre, lu sans comprendre, \u00ab\u00a0pas de mon \u00e2ge\u00a0\u00bb, lu en cachette peut-\u00eatre, intitul\u00e9 <em>L\u2019\u00e9chelle de soie<\/em>. Il n\u2019est pas s\u00fbr que je l\u2019aie vraiment lu. Il est possible que je l\u2019aie relu, \u00e0 plusieurs reprises. Sans vraiment le lire. J\u2019aurai essay\u00e9 de le lire. J\u2019y tenais pour d\u2019obscures raisons. Je n\u2019en ai aucun souvenir. Il devait y \u00eatre question d\u2019un homme et d\u2019une femme, d\u2019un couple.<\/p>\n\n\n\n<p>Tr\u00e8s haute \u00e9chelle \u2013 L\u2019incident \u00e0 Assenois. Non, non, rien \u00e0\nvoir.<\/p>\n\n\n\n<p>\u00c9chelles s\u2019\u00e9levaient dans les airs, appuy\u00e9es sur rien.<\/p>\n\n\n\n<p>Le vertige (dans les escaliers larges, or ici, les montants\nde l\u2019\u00e9chelle se r\u00e9tr\u00e9cissent, deviennent tr\u00e8s \u00e9troits.) Non, non, rien \u00e0 voir.<\/p>\n\n\n\n<p style=\"text-align:center\">&#8212;<\/p>\n\n\n\n<p>Je suis mont\u00e9e trop haut, j\u2019ai le vertige, j\u2019ai peur, je\nsuis paralys\u00e9e.<\/p>\n\n\n\n<p>Un \u00e9pi, lequel, doit se transformer en bi\u00e8re, il faut faire de l\u2019art, Dotta le ferait (comme moi, elle ne sait pas choisir, demande \u00e0 F, qui ne sait pas non plus. Comme moi, est de mauvaise humeur, n\u2019arrive pas \u00e0 demander de l\u2019aide).<\/p>\n\n\n\n<p>&#8212;-<\/p>\n\n\n\n<p><strong>Parler<\/strong> : Donc, je me r\u00e9veille \u00e0 5 h du mat, et me dis \u00e7a,\nque ce que je veux, c\u2019est parler, et que des\u00a0\nvoix r\u00e9sonnent, \u00e0 travers l\u2019espace, qui s\u2019interpellent. Or parler, c&rsquo;est\npr\u00e9cis\u00e9ment ce que je n&rsquo;arrive plus \u00e0 faire ou veux plus faire. Ou ne sais plus\nfaire ou n&rsquo;ai jamais su faire. En particulier avec \u00c9douard. En particulier ce\nqui m\u2019angoisse avec \u00c9douard. Depuis longtemps, plus parl\u00e9. Et les mots que je\nperds. Pour \u00e7a que j&rsquo;ai tant aim\u00e9 \u00e9crire \u00e0 P. Besoin d&rsquo;\u00e9crire, dire. Lui aussi,\nje crois. En manque de dire ce qui se passe dans nos vies. Et comme par la\nparole, \u00e7a ne va pas, par \u00e9crit, c&rsquo;est bien. \u00c9criture vivante.\u00a0<\/p>\n\n\n\n<p>Apr\u00e8s donc,\nque je me sois dit cela, que je voulais de la parole, des voix, je me suis\nsouvenue du r\u00eave, que j\u2019ai not\u00e9. <\/p>\n\n\n\n<p style=\"text-align:center\">&#8212;-<\/p>\n\n\n\n<p>Tandis qu\u2019avant que de faire ce r\u00eave, la veille au soir, ultra crise, ultra d\u2019angoisse, sombre, effrayante. Pass\u00e9e finalement avec un cachet de Lysanxia. Anton, qui dort dans notre chambre, rest\u00e9 longtemps \u00e9veill\u00e9.<\/p>\n\n\n","protected":false},"excerpt":{"rendered":"<p>Mais, ce que je voudrais, c&rsquo;est parler, abondamment. Puis que dans l&rsquo;espace des voix r\u00e9sonnent, s&rsquo;exclament, sonnent. Et disent ce qu&rsquo;elles veulent. R\u00eave\u00a0 I. Suis mont\u00e9e trop haut sur \u00e9chelle qui va trop haut. F aussi, en a assez, veut redescendre. Je lui demande d&rsquo;attendre que je descende moi-m\u00eame, je n&rsquo;y arrive pas, j&rsquo;ai le&hellip; <a class=\"more-link\" href=\"https:\/\/www.disparates.org\/iota\/2018\/07\/le-sambuc-mardi-18-juillet-5h-du-mat\/\">Poursuivre la lecture <span class=\"screen-reader-text\">Le Sambuc, mardi 18 juillet, 5h du mat.<\/span><\/a><\/p>\n","protected":false},"author":2130,"featured_media":0,"comment_status":"closed","ping_status":"closed","sticky":false,"template":"","format":"standard","meta":{"_acf_changed":false,"_jetpack_memberships_contains_paid_content":false,"footnotes":""},"categories":[1964],"tags":[1965,1334],"class_list":["post-18674","post","type-post","status-publish","format-standard","hentry","category-helene-parker","tag-doc-31-juillet","tag-reve","entry"],"acf":[],"jetpack_featured_media_url":"","jetpack_sharing_enabled":true,"_links":{"self":[{"href":"https:\/\/www.disparates.org\/iota\/wp-json\/wp\/v2\/posts\/18674","targetHints":{"allow":["GET"]}}],"collection":[{"href":"https:\/\/www.disparates.org\/iota\/wp-json\/wp\/v2\/posts"}],"about":[{"href":"https:\/\/www.disparates.org\/iota\/wp-json\/wp\/v2\/types\/post"}],"author":[{"embeddable":true,"href":"https:\/\/www.disparates.org\/iota\/wp-json\/wp\/v2\/users\/2130"}],"replies":[{"embeddable":true,"href":"https:\/\/www.disparates.org\/iota\/wp-json\/wp\/v2\/comments?post=18674"}],"version-history":[{"count":0,"href":"https:\/\/www.disparates.org\/iota\/wp-json\/wp\/v2\/posts\/18674\/revisions"}],"wp:attachment":[{"href":"https:\/\/www.disparates.org\/iota\/wp-json\/wp\/v2\/media?parent=18674"}],"wp:term":[{"taxonomy":"category","embeddable":true,"href":"https:\/\/www.disparates.org\/iota\/wp-json\/wp\/v2\/categories?post=18674"},{"taxonomy":"post_tag","embeddable":true,"href":"https:\/\/www.disparates.org\/iota\/wp-json\/wp\/v2\/tags?post=18674"}],"curies":[{"name":"wp","href":"https:\/\/api.w.org\/{rel}","templated":true}]}}