{"id":19612,"date":"2023-01-03T16:13:46","date_gmt":"2023-01-03T15:13:46","guid":{"rendered":"https:\/\/www.disparates.org\/iota\/?p=19612"},"modified":"2025-01-12T14:36:04","modified_gmt":"2025-01-12T13:36:04","slug":"la-voix-de-ma-tante","status":"publish","type":"post","link":"https:\/\/www.disparates.org\/iota\/2023\/01\/la-voix-de-ma-tante\/","title":{"rendered":"La voix de ma tante"},"content":{"rendered":"\n<div class=\"wp-block-group alignwide\"><div class=\"wp-block-group__inner-container is-layout-flow wp-block-group-is-layout-flow\">\n<div class=\"wp-block-columns alignwide is-layout-flex wp-container-core-columns-is-layout-d0b3c9c8 wp-block-columns-is-layout-flex\">\n<div class=\"wp-block-column tw-sm-hidden is-layout-flow wp-block-column-is-layout-flow\" style=\"--col-width:10%;flex-basis:10%\"><\/div>\n\n\n\n<div class=\"wp-block-column is-layout-flow wp-block-column-is-layout-flow\">\n<p class=\"has-text-color has-small-font-size\" style=\"color:#000000\"><em>Aujourd&rsquo;hui, j&rsquo;ai compris combien c&rsquo;est ta voix qui me manque<br>Ce dont vois-tu je ne me doutais m\u00eame pas<br>C&rsquo;\u00e9tait tous les ans la m\u00eame chose, \u00e0 cette \u00e9poque de l&rsquo;ann\u00e9e, de la grande f\u00eate<br>Je me trouvais soudain plus seule encore qu&rsquo;\u00e0 l&rsquo;habitude<br>Des jours durant, agit\u00e9e, abattue<br>Malgr\u00e9 moi plong\u00e9e et replong\u00e9e dans un pass\u00e9<br>Dont l&rsquo;\u00e9clat me revenait par bribes<br>Celui des papiers brillants<br>Surtout celui de ta voix riant<br>Qui s&rsquo;\u00e9lan\u00e7ait dans l&rsquo;escalier traversait la maison envoyait ses ordres s&rsquo;adressait aux uns et autres et lan\u00e7ait un maelstrom d&rsquo;activit\u00e9s pour pr\u00e9parer la f\u00eate<\/em><br><em>Des jours et des jours durant, ann\u00e9e apr\u00e8s ann\u00e9e, les m\u00eames gestes r\u00e9p\u00e9t\u00e9s<\/em><\/p>\n<\/div>\n\n\n\n<div class=\"wp-block-column is-layout-flow wp-block-column-is-layout-flow\">\n<p class=\"has-text-color has-small-font-size\" style=\"color:#000000\"><em>Et je pouvais te suivre, en silence, partout avec toi accomplir. J&rsquo;avais ma place dans le monde. Il m&rsquo;\u00e9tait demand\u00e9 et je pouvais r\u00e9pondre et je riais&nbsp;aussi sous tes regards discr\u00e8tement tendres&nbsp;<br>Est-ce qu&rsquo;aujourd&rsquo;hui encore dans l&rsquo;amour j&rsquo;attends cette voix sans peur qui prend si largement l&rsquo;espace et me l&rsquo;ouvre<br>On pourrait bien le croire quand l&rsquo;angoisse referme sur moi son couvercle, \u00e0 force de silences prolong\u00e9s<br>Il est rude de ne plus t&rsquo;entendre. Ma tante. Et depuis que j&rsquo;ai compris cela, c&rsquo;est moi qui donne de la voix, je la donne, tu vois, comme toi, vaillamment, je la lance, j&rsquo;y mets comme toi autant de gaiet\u00e9 possible. Et je repense \u00e0 toi.<br>C&rsquo;est comme de retrouver jambes, corps, vie.<br>A cette \u00e9poque de l&rsquo;ann\u00e9e.<\/em><\/p>\n<\/div>\n<\/div>\n\n\n\n<div style=\"height:40px\" aria-hidden=\"true\" class=\"wp-block-spacer\"><\/div>\n<\/div><\/div>\n\n\n\n<h4 class=\"wp-block-heading\">Liens : <a href=\"http:\/\/disparates.org\/iota\/tag\/titi\">Titi<\/a><\/h4>\n\n\n\n<div style=\"height:77px\" aria-hidden=\"true\" class=\"wp-block-spacer\"><\/div>\n","protected":false},"excerpt":{"rendered":"<p>Aujourd&rsquo;hui, j&rsquo;ai compris combien c&rsquo;est ta voix qui me manqueCe dont vois-tu je ne me doutais m\u00eame pasC&rsquo;\u00e9tait tous les ans la m\u00eame chose, \u00e0 cette \u00e9poque de l&rsquo;ann\u00e9e, de la grande f\u00eateJe me trouvais soudain plus seule encore qu&rsquo;\u00e0 l&rsquo;habitudeDes jours durant, agit\u00e9e, abattueMalgr\u00e9 moi plong\u00e9e et replong\u00e9e dans un pass\u00e9Dont l&rsquo;\u00e9clat me revenait&hellip; <a class=\"more-link\" href=\"https:\/\/www.disparates.org\/iota\/2023\/01\/la-voix-de-ma-tante\/\">Poursuivre la lecture <span class=\"screen-reader-text\">La voix de ma tante<\/span><\/a><\/p>\n","protected":false},"author":11,"featured_media":0,"comment_status":"closed","ping_status":"closed","sticky":false,"template":"","format":"standard","meta":{"_acf_changed":false,"_jetpack_memberships_contains_paid_content":false,"footnotes":""},"categories":[2389],"tags":[2061,1115,1304],"class_list":["post-19612","post","type-post","status-publish","format-standard","hentry","category-poesie","tag-atelier-laura-ecriture-vazquez","tag-noel","tag-titi","entry"],"acf":[],"jetpack_featured_media_url":"","jetpack_sharing_enabled":true,"_links":{"self":[{"href":"https:\/\/www.disparates.org\/iota\/wp-json\/wp\/v2\/posts\/19612","targetHints":{"allow":["GET"]}}],"collection":[{"href":"https:\/\/www.disparates.org\/iota\/wp-json\/wp\/v2\/posts"}],"about":[{"href":"https:\/\/www.disparates.org\/iota\/wp-json\/wp\/v2\/types\/post"}],"author":[{"embeddable":true,"href":"https:\/\/www.disparates.org\/iota\/wp-json\/wp\/v2\/users\/11"}],"replies":[{"embeddable":true,"href":"https:\/\/www.disparates.org\/iota\/wp-json\/wp\/v2\/comments?post=19612"}],"version-history":[{"count":1,"href":"https:\/\/www.disparates.org\/iota\/wp-json\/wp\/v2\/posts\/19612\/revisions"}],"predecessor-version":[{"id":25689,"href":"https:\/\/www.disparates.org\/iota\/wp-json\/wp\/v2\/posts\/19612\/revisions\/25689"}],"wp:attachment":[{"href":"https:\/\/www.disparates.org\/iota\/wp-json\/wp\/v2\/media?parent=19612"}],"wp:term":[{"taxonomy":"category","embeddable":true,"href":"https:\/\/www.disparates.org\/iota\/wp-json\/wp\/v2\/categories?post=19612"},{"taxonomy":"post_tag","embeddable":true,"href":"https:\/\/www.disparates.org\/iota\/wp-json\/wp\/v2\/tags?post=19612"}],"curies":[{"name":"wp","href":"https:\/\/api.w.org\/{rel}","templated":true}]}}