{"id":22430,"date":"2021-11-04T15:53:59","date_gmt":"2021-11-04T14:53:59","guid":{"rendered":"https:\/\/www.disparates.org\/iota\/?p=22430"},"modified":"2023-09-02T16:02:54","modified_gmt":"2023-09-02T14:02:54","slug":"face-a-la-mer","status":"publish","type":"post","link":"https:\/\/www.disparates.org\/iota\/2021\/11\/face-a-la-mer\/","title":{"rendered":"face \u00e0 la mer"},"content":{"rendered":"<p>j&rsquo;avais march\u00e9 longtemps, le jour \u00e9tait tomb\u00e9 sans que je m&rsquo;en aper\u00e7oive. quand survint un bruit extraordinaire. c&rsquo;\u00e9tait face \u00e0 moi. j&rsquo;eus beau scruter, c&rsquo;\u00e9tait regarder le noir dans le noir, \u00e9tendue verticale, mur vivant, immobile, d&rsquo;o\u00f9 \u00e9manait un rugissement.<br \/>\nj&rsquo;\u00e9tais arriv\u00e9e face \u00e0 la mer. et c&rsquo;\u00e9tait comme si je contemplais l&rsquo;immensit\u00e9 de son son opaque.<br \/>\nsi je n&rsquo;eus pas peur, je fus prise d&rsquo;un sentiment d&rsquo;\u00e9tranget\u00e9, en un instant habit\u00e9e par ce mur jusque l\u00e0 insoup\u00e7onn\u00e9. je ne fus pas longue \u00e0 reprendre le chemin de l&rsquo;h\u00f4tel.<br \/>\nc&rsquo;\u00e9tait le premier jour des vacances. le premier soir.<\/p>\n","protected":false},"excerpt":{"rendered":"<p>j&rsquo;avais march\u00e9 longtemps, le jour \u00e9tait tomb\u00e9 sans que je m&rsquo;en aper\u00e7oive. quand survint un bruit extraordinaire. c&rsquo;\u00e9tait face \u00e0 moi. j&rsquo;eus beau scruter, c&rsquo;\u00e9tait regarder le noir dans le noir, \u00e9tendue verticale, mur vivant, immobile, d&rsquo;o\u00f9 \u00e9manait un rugissement. j&rsquo;\u00e9tais arriv\u00e9e face \u00e0 la mer. et c&rsquo;\u00e9tait comme si je contemplais l&rsquo;immensit\u00e9 de son&hellip; <a class=\"more-link\" href=\"https:\/\/www.disparates.org\/iota\/2021\/11\/face-a-la-mer\/\">Poursuivre la lecture <span class=\"screen-reader-text\">face \u00e0 la mer<\/span><\/a><\/p>\n","protected":false},"author":11,"featured_media":0,"comment_status":"open","ping_status":"open","sticky":false,"template":"","format":"standard","meta":{"_acf_changed":false,"_jetpack_memberships_contains_paid_content":false,"footnotes":""},"categories":[1],"tags":[2061],"class_list":["post-22430","post","type-post","status-publish","format-standard","hentry","category-non-classe","tag-atelier-laura-ecriture-vazquez","entry"],"acf":[],"jetpack_featured_media_url":"","jetpack_sharing_enabled":true,"_links":{"self":[{"href":"https:\/\/www.disparates.org\/iota\/wp-json\/wp\/v2\/posts\/22430","targetHints":{"allow":["GET"]}}],"collection":[{"href":"https:\/\/www.disparates.org\/iota\/wp-json\/wp\/v2\/posts"}],"about":[{"href":"https:\/\/www.disparates.org\/iota\/wp-json\/wp\/v2\/types\/post"}],"author":[{"embeddable":true,"href":"https:\/\/www.disparates.org\/iota\/wp-json\/wp\/v2\/users\/11"}],"replies":[{"embeddable":true,"href":"https:\/\/www.disparates.org\/iota\/wp-json\/wp\/v2\/comments?post=22430"}],"version-history":[{"count":0,"href":"https:\/\/www.disparates.org\/iota\/wp-json\/wp\/v2\/posts\/22430\/revisions"}],"wp:attachment":[{"href":"https:\/\/www.disparates.org\/iota\/wp-json\/wp\/v2\/media?parent=22430"}],"wp:term":[{"taxonomy":"category","embeddable":true,"href":"https:\/\/www.disparates.org\/iota\/wp-json\/wp\/v2\/categories?post=22430"},{"taxonomy":"post_tag","embeddable":true,"href":"https:\/\/www.disparates.org\/iota\/wp-json\/wp\/v2\/tags?post=22430"}],"curies":[{"name":"wp","href":"https:\/\/api.w.org\/{rel}","templated":true}]}}