{"id":23121,"date":"2024-02-10T15:27:04","date_gmt":"2024-02-10T14:27:04","guid":{"rendered":"https:\/\/www.disparates.org\/iota\/?p=23121"},"modified":"2024-02-10T15:27:04","modified_gmt":"2024-02-10T14:27:04","slug":"peut-etre","status":"publish","type":"post","link":"https:\/\/www.disparates.org\/iota\/2024\/02\/peut-etre\/","title":{"rendered":"peut-\u00eatre"},"content":{"rendered":"<p><span data-contrast=\"auto\">peut-\u00eatre me dis-je si je ne m&rsquo;\u00e9tais pas tant tue si j&rsquo;avais parl\u00e9 davantage, parl\u00e9 en mon nom propre, peut-\u00eatre me dis-je si je ne m&rsquo;\u00e9tais pas content\u00e9e de relayer la parole de quelques autres la parole les images sans les commenter, de quelques lanceurs d&rsquo;alerte, peut-\u00eatre me dis-je \u00e0 l&rsquo;heure qu&rsquo;il est y e\u00fbt-il\u00a0eu\u00a0moins de morts, voil\u00e0 ce que je me dis (bien imbue bien s\u00fbr de ma propre personne) peut-\u00eatre me dis-je est-ce cela la l\u00e2chet\u00e9 peut-\u00eatre me dis-je est-ce cela l&rsquo;absence de courage, et est-il temps de m&rsquo;en accuser. moins de mort.es comme tu y vas. moins de bless\u00e9.es. une parole et je serai gu\u00e9rie. o\u00f9 ta parole s&rsquo;est-elle retenue, dans quelles limbes. de qui as-tu eu peur ? quelle parole s&rsquo;est-elle\u00a0complue\u00a0\u00e0 se diluer \u00e0 se perdre \u00e0 se d\u00e9sarticuler \u00e0 s&rsquo;inarticuler? (et depuis combien d&rsquo;ann\u00e9es&#8230;) qui as-tu voulu prot\u00e9ger qui as-tu eu peur de blesser quel parti n&rsquo;as-tu su prendre \u00e0 qui n&rsquo;as-tu voulu d\u00e9plaire quelle r\u00e9ponse as-tu craint ? quelle langue n&rsquo;as-tu invent\u00e9e ? pour faire face \u00e0 celle qui te sid\u00e8re, pour t&rsquo;opposer ? peut-\u00eatre continueras-tu \u00e0 te taire, \u00e0 te complaire dans ton impuissance, est-ce de cela qu&rsquo;il s&rsquo;agit ? te complais-tu \u00e0 te ha\u00efr et \u00e0 reporter sur l&rsquo;autre la faute de la parole que tu n&rsquo;oses toi-m\u00eame prendre, du silence. cela ne suffit pas de diffuser des images de Gaza, <\/span><\/p>\n","protected":false},"excerpt":{"rendered":"<p>peut-\u00eatre me dis-je si je ne m&rsquo;\u00e9tais pas tant tue si j&rsquo;avais parl\u00e9 davantage, parl\u00e9 en mon nom propre, peut-\u00eatre me dis-je si je ne m&rsquo;\u00e9tais pas content\u00e9e de relayer la parole de quelques autres la parole les images sans les commenter, de quelques lanceurs d&rsquo;alerte, peut-\u00eatre me dis-je \u00e0 l&rsquo;heure qu&rsquo;il est y e\u00fbt-il\u00a0eu\u00a0moins&hellip; <a class=\"more-link\" href=\"https:\/\/www.disparates.org\/iota\/2024\/02\/peut-etre\/\">Poursuivre la lecture <span class=\"screen-reader-text\">peut-\u00eatre<\/span><\/a><\/p>\n","protected":false},"author":11,"featured_media":0,"comment_status":"open","ping_status":"open","sticky":false,"template":"","format":"standard","meta":{"_acf_changed":false,"_jetpack_memberships_contains_paid_content":false,"footnotes":""},"categories":[1],"tags":[],"class_list":["post-23121","post","type-post","status-publish","format-standard","hentry","category-non-classe","entry"],"acf":[],"jetpack_featured_media_url":"","jetpack_sharing_enabled":true,"_links":{"self":[{"href":"https:\/\/www.disparates.org\/iota\/wp-json\/wp\/v2\/posts\/23121","targetHints":{"allow":["GET"]}}],"collection":[{"href":"https:\/\/www.disparates.org\/iota\/wp-json\/wp\/v2\/posts"}],"about":[{"href":"https:\/\/www.disparates.org\/iota\/wp-json\/wp\/v2\/types\/post"}],"author":[{"embeddable":true,"href":"https:\/\/www.disparates.org\/iota\/wp-json\/wp\/v2\/users\/11"}],"replies":[{"embeddable":true,"href":"https:\/\/www.disparates.org\/iota\/wp-json\/wp\/v2\/comments?post=23121"}],"version-history":[{"count":0,"href":"https:\/\/www.disparates.org\/iota\/wp-json\/wp\/v2\/posts\/23121\/revisions"}],"wp:attachment":[{"href":"https:\/\/www.disparates.org\/iota\/wp-json\/wp\/v2\/media?parent=23121"}],"wp:term":[{"taxonomy":"category","embeddable":true,"href":"https:\/\/www.disparates.org\/iota\/wp-json\/wp\/v2\/categories?post=23121"},{"taxonomy":"post_tag","embeddable":true,"href":"https:\/\/www.disparates.org\/iota\/wp-json\/wp\/v2\/tags?post=23121"}],"curies":[{"name":"wp","href":"https:\/\/api.w.org\/{rel}","templated":true}]}}