{"id":23196,"date":"2012-07-08T18:03:17","date_gmt":"2012-07-08T16:03:17","guid":{"rendered":"https:\/\/www.disparates.org\/iota\/?p=23196"},"modified":"2024-03-23T18:11:36","modified_gmt":"2024-03-23T17:11:36","slug":"23196","status":"publish","type":"post","link":"https:\/\/www.disparates.org\/iota\/2012\/07\/23196\/","title":{"rendered":"Matin r\u00e9veil dimanche \/ sensation de pression autour du cerveau, dans les m\u00e9ninges"},"content":{"rendered":"<p>Matin r\u00e9veil dimanche \/ sensation de pression autour du cerveau, dans les m\u00e9ninges. J&rsquo;\u00e9cris cela parce que je vais mal en ce moment et qu&rsquo;il y \u00e0 plusieurs ann\u00e9es, j&rsquo;\u00e9tais \u00e0 paris d\u00e9j\u00e0, j&rsquo;avais remarqu\u00e9 ce ph\u00e9nom\u00e8ne aux moments de plus grande angoisse. C&rsquo;est cela souvent qui me signalait que j&rsquo;\u00e9tais angoiss\u00e9e. Parfois, je vais mal et je ne sais m\u00eame pas que je vais mal. Angoisse est un mot mis par une psychanalyste, auquel j&rsquo;ai consenti, que j&rsquo;ai adopt\u00e9.<\/p>\n<div>Cette sensation m&rsquo;inqui\u00e8te en ce moment car je crains d&rsquo;\u00eatre vraiment malade.<\/div>\n<div>Elle s&rsquo;accompagne actuellement d&rsquo;une sensation aux dents. <br \/>\nPeut-\u00eatre est-ce hyst\u00e9rique. <br \/>\nEt aux oreilles. <br \/>\nCe n&rsquo;est pas hyst\u00e9rique.<\/div>\n<div>Cigarette: pas fum\u00e9 mais vapot\u00e9. L&rsquo;impression que vapote trop et que vapoter n&rsquo;est pas tellement meilleur que fumer.<\/div>\n<div>Lysanxia: ne me convient pas, plus, plus du tout.<\/div>\n<div>Dents.<\/div>\n<div>Sortie, lecture revue Depelsenaire.<\/div>\n<div>Non pas aux oreilles, mais juste sous l&rsquo;oreille.<br \/>\n<img data-recalc-dims=\"1\" decoding=\"async\" data-attachment-id=\"23197\" data-permalink=\"https:\/\/www.disparates.org\/iota\/2012\/07\/23196\/attachment\/0807201\/\" data-orig-file=\"https:\/\/i0.wp.com\/www.disparates.org\/iota\/wp-content\/uploads\/0807201.jpg?fit=416%2C640&amp;ssl=1\" data-orig-size=\"416,640\" data-comments-opened=\"1\" data-image-meta=\"{&quot;aperture&quot;:&quot;0&quot;,&quot;credit&quot;:&quot;&quot;,&quot;camera&quot;:&quot;HTC Hero&quot;,&quot;caption&quot;:&quot;&quot;,&quot;created_timestamp&quot;:&quot;1341742204&quot;,&quot;copyright&quot;:&quot;&quot;,&quot;focal_length&quot;:&quot;0&quot;,&quot;iso&quot;:&quot;100&quot;,&quot;shutter_speed&quot;:&quot;0&quot;,&quot;title&quot;:&quot;&quot;,&quot;orientation&quot;:&quot;0&quot;}\" data-image-title=\"0807201\" data-image-description=\"\" data-image-caption=\"\" data-medium-file=\"https:\/\/i0.wp.com\/www.disparates.org\/iota\/wp-content\/uploads\/0807201.jpg?fit=306%2C470&amp;ssl=1\" data-large-file=\"https:\/\/i0.wp.com\/www.disparates.org\/iota\/wp-content\/uploads\/0807201.jpg?fit=416%2C640&amp;ssl=1\" class=\"alignright size-full wp-image-23197\" src=\"https:\/\/i0.wp.com\/www.disparates.org\/iota\/wp-content\/uploads\/0807201.jpg?resize=416%2C640&#038;ssl=1\" alt=\"\" width=\"416\" height=\"640\" srcset=\"https:\/\/i0.wp.com\/www.disparates.org\/iota\/wp-content\/uploads\/0807201.jpg?w=416&amp;ssl=1 416w, https:\/\/i0.wp.com\/www.disparates.org\/iota\/wp-content\/uploads\/0807201.jpg?resize=306%2C470&amp;ssl=1 306w, https:\/\/i0.wp.com\/www.disparates.org\/iota\/wp-content\/uploads\/0807201.jpg?resize=98%2C150&amp;ssl=1 98w\" sizes=\"(max-width: 416px) 100vw, 416px\" \/><\/div>\n<p>laver les dents, mettre de l&rsquo;huile essentielle, \u00e7a ira mieux?<\/p>\n","protected":false},"excerpt":{"rendered":"<p>Matin r\u00e9veil dimanche \/ sensation de pression autour du cerveau, dans les m\u00e9ninges. J&rsquo;\u00e9cris cela parce que je vais mal en ce moment et qu&rsquo;il y \u00e0 plusieurs ann\u00e9es, j&rsquo;\u00e9tais \u00e0 paris d\u00e9j\u00e0, j&rsquo;avais remarqu\u00e9 ce ph\u00e9nom\u00e8ne aux moments de plus grande angoisse. C&rsquo;est cela souvent qui me signalait que j&rsquo;\u00e9tais angoiss\u00e9e. Parfois, je vais&hellip; <a class=\"more-link\" href=\"https:\/\/www.disparates.org\/iota\/2012\/07\/23196\/\">Poursuivre la lecture <span class=\"screen-reader-text\">Matin r\u00e9veil dimanche \/ sensation de pression autour du cerveau, dans les m\u00e9ninges<\/span><\/a><\/p>\n","protected":false},"author":11,"featured_media":0,"comment_status":"open","ping_status":"open","sticky":false,"template":"","format":"standard","meta":{"_acf_changed":false,"_jetpack_memberships_contains_paid_content":false,"footnotes":""},"categories":[1],"tags":[],"class_list":["post-23196","post","type-post","status-publish","format-standard","hentry","category-non-classe","entry"],"acf":[],"jetpack_featured_media_url":"","jetpack_sharing_enabled":true,"_links":{"self":[{"href":"https:\/\/www.disparates.org\/iota\/wp-json\/wp\/v2\/posts\/23196","targetHints":{"allow":["GET"]}}],"collection":[{"href":"https:\/\/www.disparates.org\/iota\/wp-json\/wp\/v2\/posts"}],"about":[{"href":"https:\/\/www.disparates.org\/iota\/wp-json\/wp\/v2\/types\/post"}],"author":[{"embeddable":true,"href":"https:\/\/www.disparates.org\/iota\/wp-json\/wp\/v2\/users\/11"}],"replies":[{"embeddable":true,"href":"https:\/\/www.disparates.org\/iota\/wp-json\/wp\/v2\/comments?post=23196"}],"version-history":[{"count":0,"href":"https:\/\/www.disparates.org\/iota\/wp-json\/wp\/v2\/posts\/23196\/revisions"}],"wp:attachment":[{"href":"https:\/\/www.disparates.org\/iota\/wp-json\/wp\/v2\/media?parent=23196"}],"wp:term":[{"taxonomy":"category","embeddable":true,"href":"https:\/\/www.disparates.org\/iota\/wp-json\/wp\/v2\/categories?post=23196"},{"taxonomy":"post_tag","embeddable":true,"href":"https:\/\/www.disparates.org\/iota\/wp-json\/wp\/v2\/tags?post=23196"}],"curies":[{"name":"wp","href":"https:\/\/api.w.org\/{rel}","templated":true}]}}