{"id":23525,"date":"2024-10-13T07:02:25","date_gmt":"2024-10-13T05:02:25","guid":{"rendered":"https:\/\/www.disparates.org\/iota\/2024\/10\/23525\/"},"modified":"2024-11-23T16:30:59","modified_gmt":"2024-11-23T15:30:59","slug":"vis-ma-vie-de-blog-transe-carcan-et-parataxe","status":"publish","type":"post","link":"https:\/\/www.disparates.org\/iota\/2024\/10\/vis-ma-vie-de-blog-transe-carcan-et-parataxe\/","title":{"rendered":"vis ma vie de blog, transe, carcan et parataxe"},"content":{"rendered":"<p><strong>13 oct 24<\/strong><\/p>\n<p><strong>7h 22, <\/strong>\u00e9veill\u00e9e depuis 3h du mat, je vais bient\u00f4t me recoucher. D\u00e9courag\u00e9e par la fa\u00e7on dont je fais avancer le travail sur le blog. Hier, <strong><a href=\"https:\/\/www.disparates.org\/iota\/2023\/01\/\">attard\u00e9e toute la journ\u00e9e sur&#8230; le mois de janvier 2023<\/a><\/strong>! Cela en d\u00e9pit des d\u00e9cisions et du travail de la veille, cela probablement parce que je venais d&rsquo;importer ce mois dans le blog depuis Evernote (<em>via<\/em> Diarium). Quelque chose attire mon attention, je n&rsquo;y r\u00e9siste pas. Ce peut \u00eatre n&rsquo;importe quoi \u00e0 proprement parler : c&rsquo;est pur et simplement l&rsquo;impulsion de la pulsion et je je m&#8217;empare de\u00a0 strictement n&rsquo;importe quel objet : qu&rsquo;il s&rsquo;agisse d&rsquo;un probl\u00e8me de fond ou de forme, il faut que je m&rsquo;y attelle sans tarder. Cela me met dans un \u00e9tat de transe que rien n&rsquo;arr\u00eate. Cela n&rsquo;est pourtant pas tout \u00e0 fait sans cause particuli\u00e8re, cela n&rsquo;est pas tout \u00e0 fait indiff\u00e9rent, me dis-je pour me rassurer, (cela peut-\u00eatre se rattache-t-il \u00e0 un projet plus grand que moi, qui me d\u00e9passe, peut-\u00eatre faut-il que j&rsquo;y croie, \u00e0 ce qui en moi serait plus grand que moi, quoi donc, sinon : tu vas mourir et il ne restera rien de toi), il s&rsquo;agissait tout de m\u00eame, hier comme la veille, d&rsquo;un regard en arri\u00e8re, d&rsquo;un regard sur ce que j&rsquo;ai pu \u00e9crire, voulu \u00e9crire, d&rsquo;un sentiment d&rsquo;effroi \u00e0 voir le peu qui reste, \u00e0 voir tout ce qui est perdu et la prise alors d\u00e9mesur\u00e9e d&rsquo;une envie de compl\u00e9ter, d&rsquo;aboutir \u00e0 quelque chose qui soit, <em>in fine<\/em>, tout simplement, lisible. Puis, quand la nuit vient, la tristesse m&rsquo;envahit, le d\u00e9sarroi, le sentiment d&rsquo;avoir \u00e9t\u00e9 men\u00e9e par le bout du nez, de n&rsquo;avoir pas vu le jour passer, de m&rsquo;\u00eatre une fois de plus laiss\u00e9 d\u00e9river, d\u00e9samarr\u00e9e.\u00a0 Comment y consentir, \u00e0 cette fa\u00e7on d&rsquo;avancer dans la d\u00e9rive ? Ou comment ne pas \u00e9couter le jugement que je porte sur moi et mener le projet jusqu&rsquo;au bout, dans la d\u00e9rive mais les rives de ce blog. Comment consentir \u00e0 cette jouissance plus forte que moi. Pourquoi ne pas y consentir. C&rsquo;est que le projet est d\u00e9mesur\u00e9. Je me rassure, je me dis :\u00a0 commence par un mois, commence par une semaine, choisis un seul sujet, fixe-toi une ann\u00e9e. Cela d\u00e9j\u00e0, sera bien. Or je sais que je ne peux compter sur cet engagement.\u00a0<\/p>\n<p><strong>l&rsquo;objet blog<\/strong><\/p>\n<p>D\u00e8s que j&rsquo;ai cet objet du blog en main, d\u00e8s que je me mets \u00e0 le manipuler, tout m&rsquo;y int\u00e9resse, tout m&rsquo;appelle. Je n&rsquo;ai aucun sens d&rsquo;aucune priorit\u00e9, valeur. Cette nuit, avant que je ne me l\u00e8ve, j&rsquo;\u00e9tais une fois de plus tenue \u00e9veill\u00e9e \u00e0 la pens\u00e9e de sa mise en page. Je r\u00eave maintenant de quelque chose de beaucoup plus \u00e9pur\u00e9, je r\u00eavais de noir et blanc, je voyais\u00a0 ce que je voulais, touy en \u00e9tant poss\u00e9der \u00e2r\u00a0 que l&rsquo;envie d&rsquo;ajouter encore des images. Il faut probablement que je parle de la virtualit\u00e9 de cette objet, de ses possibles, de l&rsquo;impossible de ses possibles, et e ses modifications constantes. Mais pour en dire quoi? Et c&rsquo;est parce qu&rsquo;il s&rsquo;offre \u00e0 \u00eatre perp\u00e9tuellement retravaill\u00e9, je r\u00eave de le voir imprim\u00e9, fini. Mort termin\u00e9 d\u00e9tach\u00e9. D\u00e9tach\u00e9 de moi, sorti de ma t\u00eate, manipulable par les autres. <span style=\"background-color: var(--global--color-background); color: var(--global--color-primary); font-size: var(--global--font-size-base);\">Si je pouvais arriver \u00e0 \u00e7a.\u00a0 Une petite part, l&rsquo;en d\u00e9tacher, en faire une petite publication s\u00e9par\u00e9e, qui existe dans le monde, qui puisse \u00eatre tenu en main, qui prenne de la place, physiquement, que je puisse envoyer \u00e0 des amis, etc.<\/span><\/p>\n<p><span style=\"background-color: var(--global--color-background); color: var(--global--color-primary); font-size: var(--global--font-size-base);\">Je songeais cette nuit aussi \u00e0 cette <\/span><strong style=\"background-color: var(--global--color-background); color: var(--global--color-primary); font-size: var(--global--font-size-base);\"><a href=\"https:\/\/www.disparates.org\/iota\/2023\/01\/une-esthetique-au-sens-ou-lesthetique-est-non-point-la-theorie-de-lart-mais-la-pensee-de-la-configuration-du-sensible-qui-instaure-une-communaute\/\">notion d\u00e9couverte hier dont j&rsquo;oublie \u00e0 l&rsquo;instant le nom, \u00e0 propos de la r\u00e9volution induite \u00e0 la litt\u00e9rature par Mallarm\u00e9. Le parataxe&#8230;<\/a><\/strong><span style=\"background-color: var(--global--color-background); color: var(--global--color-primary); font-size: var(--global--font-size-base);\"> Donner forme au manque de liens de coordination, de subordination. Accepter la juxtaposition d&rsquo;\u00e9l\u00e9ments disparates. <\/span><span style=\"background-color: var(--global--color-background); color: var(--global--color-primary); font-size: var(--global--font-size-base);\">C&rsquo;est l\u00e0 me disais-je que le carcan WordPress est pesant, qui voudra tout afficher \u00e0 l&rsquo;int\u00e9rieur d&rsquo;un mod\u00e8le, qui supporte de moins en moins les personnalisations des uns et des autres (comme ce que d\u00e9nonce <\/span><strong style=\"background-color: var(--global--color-background); color: var(--global--color-primary); font-size: var(--global--font-size-base);\"><a href=\"https:\/\/interfacecritique.net\/book\/olia-lialina-from-my-to-me\/\" target=\"_blank\" rel=\"noopener\">Olia Lialina depuis des ann\u00e9es<\/a><\/strong><span style=\"background-color: var(--global--color-background); color: var(--global--color-primary); font-size: var(--global--font-size-base);\">), car on voudrait que ce vide qui relie les choses les unes aux autres s&rsquo;affiche, se voie. On voudrait aussi que l&rsquo;espace qu&rsquo;il prenne soit li\u00e9 aux particularit\u00e9s des \u00e9l\u00e9ments qu&rsquo;il s\u00e9pare et relie. Comment afficher la disparit\u00e9, comment laisser la place au vide. Comment le supporter au coeur m\u00eame de sa vie. <\/span>Je songe donc \u00e0 ce carcan de WordPress et je suis d\u00e9courag\u00e9e. Carcan que j&rsquo;ai recherch\u00e9, voulu, voulu imposer \u00e0 l&rsquo;espace de l&rsquo;\u00e9criture. Espace de l&rsquo;\u00e9criture sur \u00e9cran. Espace devenu immaitrisable aujourd&rsquo;hui, \u00e0 cause de la diversit\u00e9 de taille des \u00e9crans et des navigateurs. Et je me dis qu&rsquo;il ne me reste que le papier.\u00a0<\/p>\n<p>Il reste le papier : Je n&rsquo;y arrive pas. Je n&rsquo;arrive pas \u00e0 sortir de cette boule de blog un extrait, \u00e0 m&rsquo;en s\u00e9parer, \u00e0 le faire exister ailleurs, IRL. Le blog, c&rsquo;est ma poche.<\/p>\n","protected":false},"excerpt":{"rendered":"<p>13 oct 24 7h 22, \u00e9veill\u00e9e depuis 3h du mat, je vais bient\u00f4t me recoucher. D\u00e9courag\u00e9e par la fa\u00e7on dont je fais avancer le travail sur le blog. Hier, attard\u00e9e toute la journ\u00e9e sur&#8230; le mois de janvier 2023! Cela en d\u00e9pit des d\u00e9cisions et du travail de la veille, cela probablement parce que je&hellip; <a class=\"more-link\" href=\"https:\/\/www.disparates.org\/iota\/2024\/10\/vis-ma-vie-de-blog-transe-carcan-et-parataxe\/\">Poursuivre la lecture <span class=\"screen-reader-text\">vis ma vie de blog, transe, carcan et parataxe<\/span><\/a><\/p>\n","protected":false},"author":11,"featured_media":0,"comment_status":"open","ping_status":"closed","sticky":false,"template":"","format":"standard","meta":{"_acf_changed":false,"_jetpack_memberships_contains_paid_content":false,"footnotes":""},"categories":[1095],"tags":[472],"class_list":["post-23525","post","type-post","status-publish","format-standard","hentry","category-la-vie-du-glob","tag-pulsion","entry"],"acf":[],"jetpack_featured_media_url":"","jetpack_sharing_enabled":true,"_links":{"self":[{"href":"https:\/\/www.disparates.org\/iota\/wp-json\/wp\/v2\/posts\/23525","targetHints":{"allow":["GET"]}}],"collection":[{"href":"https:\/\/www.disparates.org\/iota\/wp-json\/wp\/v2\/posts"}],"about":[{"href":"https:\/\/www.disparates.org\/iota\/wp-json\/wp\/v2\/types\/post"}],"author":[{"embeddable":true,"href":"https:\/\/www.disparates.org\/iota\/wp-json\/wp\/v2\/users\/11"}],"replies":[{"embeddable":true,"href":"https:\/\/www.disparates.org\/iota\/wp-json\/wp\/v2\/comments?post=23525"}],"version-history":[{"count":1,"href":"https:\/\/www.disparates.org\/iota\/wp-json\/wp\/v2\/posts\/23525\/revisions"}],"predecessor-version":[{"id":24640,"href":"https:\/\/www.disparates.org\/iota\/wp-json\/wp\/v2\/posts\/23525\/revisions\/24640"}],"wp:attachment":[{"href":"https:\/\/www.disparates.org\/iota\/wp-json\/wp\/v2\/media?parent=23525"}],"wp:term":[{"taxonomy":"category","embeddable":true,"href":"https:\/\/www.disparates.org\/iota\/wp-json\/wp\/v2\/categories?post=23525"},{"taxonomy":"post_tag","embeddable":true,"href":"https:\/\/www.disparates.org\/iota\/wp-json\/wp\/v2\/tags?post=23525"}],"curies":[{"name":"wp","href":"https:\/\/api.w.org\/{rel}","templated":true}]}}