{"id":25124,"date":"2025-01-17T20:02:29","date_gmt":"2025-01-17T19:02:29","guid":{"rendered":"https:\/\/www.disparates.org\/iota\/?p=25124"},"modified":"2025-01-17T20:02:31","modified_gmt":"2025-01-17T19:02:31","slug":"kafka-autojustice","status":"publish","type":"post","link":"https:\/\/www.disparates.org\/iota\/2025\/01\/kafka-autojustice\/","title":{"rendered":"Kafka &#8211; autojustice"},"content":{"rendered":"\n<h3 class=\"wp-block-heading has-normal-font-size\"><em>Kafka, le temps des d\u00e9cisions <\/em>de Reiner Stachs &#8211; extraits du chapitre \u00ab\u00a0Autojustice : <em>Le proc\u00e8s <\/em>et <em>Dans la colonie p\u00e9nitentiaire<\/em>\u00ab\u00a0<\/h3>\n\n\n<div class=\"wp-block-image\">\n<figure class=\"alignright\"><img data-recalc-dims=\"1\" decoding=\"async\" width=\"250\" height=\"355\" data-attachment-id=\"25910\" data-permalink=\"https:\/\/www.disparates.org\/iota\/2025\/01\/kafka-autojustice\/kafka-le-temps-des-decision-reiner-stach\/\" data-orig-file=\"https:\/\/i0.wp.com\/www.disparates.org\/iota\/wp-content\/uploads\/kafka-le-temps-des-decision-reiner-stach.jpeg?fit=250%2C355&amp;ssl=1\" data-orig-size=\"250,355\" data-comments-opened=\"1\" data-image-meta=\"{&quot;aperture&quot;:&quot;0&quot;,&quot;credit&quot;:&quot;&quot;,&quot;camera&quot;:&quot;&quot;,&quot;caption&quot;:&quot;&quot;,&quot;created_timestamp&quot;:&quot;0&quot;,&quot;copyright&quot;:&quot;&quot;,&quot;focal_length&quot;:&quot;0&quot;,&quot;iso&quot;:&quot;0&quot;,&quot;shutter_speed&quot;:&quot;0&quot;,&quot;title&quot;:&quot;&quot;,&quot;orientation&quot;:&quot;0&quot;}\" data-image-title=\"kafka le temps des de\u0301cision reiner stach\" data-image-description=\"\" data-image-caption=\"\" data-medium-file=\"https:\/\/i0.wp.com\/www.disparates.org\/iota\/wp-content\/uploads\/kafka-le-temps-des-decision-reiner-stach.jpeg?fit=250%2C355&amp;ssl=1\" data-large-file=\"https:\/\/i0.wp.com\/www.disparates.org\/iota\/wp-content\/uploads\/kafka-le-temps-des-decision-reiner-stach.jpeg?fit=250%2C355&amp;ssl=1\" src=\"https:\/\/i0.wp.com\/www.disparates.org\/iota\/wp-content\/uploads\/kafka-le-temps-des-decision-reiner-stach.jpeg?resize=250%2C355&#038;ssl=1\" alt=\"\" class=\"wp-image-25910\" srcset=\"https:\/\/i0.wp.com\/www.disparates.org\/iota\/wp-content\/uploads\/kafka-le-temps-des-decision-reiner-stach.jpeg?w=250&amp;ssl=1 250w, https:\/\/i0.wp.com\/www.disparates.org\/iota\/wp-content\/uploads\/kafka-le-temps-des-decision-reiner-stach.jpeg?resize=106%2C150&amp;ssl=1 106w\" sizes=\"(max-width: 250px) 100vw, 250px\" \/><\/figure>\n<\/div>\n\n\n<p><strong><em>rire irr\u00e9sistible<\/em><\/strong> &#8211; D\u2019apr\u00e8s une anecdote souvent cit\u00e9e, Kafka, lorsqu\u2019il lut \u00e0 ses amis le premier chapitre du <em>Proc\u00e8s<\/em>, aurait tant ri que \u00ab&nbsp;par instants il ne pouvait continuer sa lecture&nbsp;\u00bb, tandis que ses auditeurs \u00e9taient eux-m\u00eames saisis d\u2019un \u00ab&nbsp;rire irr\u00e9sistible&nbsp;\u00bb. \u00ab&nbsp;Assez \u00e9tonnant, \u00e9crivit Brod r\u00e9trospectivement, quand on songe au terrible s\u00e9rieux de ce chapitre. Et pourtant, c\u2019est la v\u00e9rit\u00e9.<sup data-fn=\"96fba990-2425-459a-ab37-a0d98bffa2e7\" class=\"fn\"><a href=\"#96fba990-2425-459a-ab37-a0d98bffa2e7\" id=\"96fba990-2425-459a-ab37-a0d98bffa2e7-link\">1<\/a><\/sup>&nbsp;\u00bb<\/p>\n\n\n\n<p><strong><em>cachotterie<\/em><\/strong> &#8211; \u00ab\u00a0Et pourtant, l\u2019\u00e9tat chaotique de ses manuscrits, cause de plusieurs d\u00e9cennies de d\u00e9bats entre les sp\u00e9cialistes, n\u2019a strictement rien \u00e0 voir avec <strong>sa fameuse tendance \u00e0 la \u00ab&nbsp;cachotterie&nbsp;\u00bb<\/strong>. Aussi paradoxal que cela puisse para\u00eetre, tous ces obstacles d\u00e9coulent d\u2019une d\u00e9cision tout \u00e0 fait pragmatique de sa part en vue de discipliner son \u00e9criture.<br>p. 740<\/p>\n\n\n\n<figure class=\"wp-block-pullquote is-style-tw-minimal\"><blockquote><p><strong>Mon sens de la repr\u00e9sentation de ma vie int\u00e9rieure onirique a repouss\u00e9 tout le reste dans l\u2019accessoire et ce reste s\u2019est atrophi\u00e9 d\u2019une fa\u00e7on effrayante et n\u2019en finit pas de s\u2019atrophier. <\/strong><\/p><\/blockquote><\/figure>\n\n\n\n<p><strong><em>Mon sens de la repr\u00e9sentation de ma vie int\u00e9rieure onirique<\/em><\/strong> &#8211; \u201c\u00a0Vu de la litt\u00e9rature mon destin est tr\u00e8s simple. Mon sens de la repr\u00e9sentation de ma vie int\u00e9rieure onirique a repouss\u00e9 tout le reste dans l\u2019accessoire et ce reste s\u2019est atrophi\u00e9 d\u2019une fa\u00e7on effrayante et n\u2019en finit pas de s\u2019atrophier. Rien d\u2019autre ne pourra jamais me satisfaire. Mais la force dont je dispose pour cette repr\u00e9sentation est totalement impr\u00e9visible, peut-\u00eatre a-t-elle d\u00e9j\u00e0 disparu \u00e0 jamais, peut-\u00eatre me reviendra-t-elle tout de m\u00eame encore une fois, les circonstances de ma vie ne lui sont certes pas favorables. C\u2019est ainsi que je vacille, je m\u2019\u00e9lance sans arr\u00eat au sommet de la montagne, mais \u00e0\u00a0peine si je peux un instant me maintenir en haut. D\u2019autres vacillent eux aussi, mais dans des r\u00e9gions basses, avec de plus grandes forces\u00a0; menacent-ils de tomber, le parent les rattrape qui marche aupr\u00e8s d\u2019eux dans ce but. Mais moi je vacille l\u00e0-haut, ce n\u2019est pas la mort h\u00e9las, ce sont les \u00e9ternels tourments du mourir.<sup data-fn=\"7003939d-b885-4e72-b40f-81633fd1b9f3\" class=\"fn\"><a id=\"7003939d-b885-4e72-b40f-81633fd1b9f3-link\" href=\"#7003939d-b885-4e72-b40f-81633fd1b9f3\">2<\/a><\/sup>\u00a0\u201d<br>p. 742<\/p>\n\n\n\n<p><strong><em>C&rsquo;est la Grande Guerre, Kafka loge seul dans l&rsquo;appartement de sa soeur retourn\u00e9e vivre chez ses parents &#8211; <\/em><\/strong>\u00ab\u00a0Kafka entame la phase de cr\u00e9ation la plus f\u00e9conde de sa vie<strong>. <\/strong>On peut deviner d\u2019o\u00f9 provient ce brusque apport de combustible\u00a0: c\u2019est ce m\u00eame quantum d\u2019\u00e9nergie que sa lutte en vue du mariage a consum\u00e9 des mois et des ann\u00e9es durant.\u00a0\u00bb<br>p. 743<\/p>\n\n\n\n<p><em><strong>les fantasmes de ch\u00e2timent resurgissent<\/strong><\/em> &#8211; \u00ab\u00a0toutefois en m\u00eame temps \u2014&nbsp;les notes de son journal le prouvent. <strong>Ses vieux fantasmes de ch\u00e2timent ressurgissent eux aussi, images d\u2019une violence m\u00e9canique, d\u00e9passionn\u00e9e.<\/strong> \u00c9crivant la sc\u00e8ne d\u2019ex\u00e9cution du <em>Proc\u00e8s<\/em>, o\u00f9 deux bourreaux obs\u00e9quieux plantent un couteau dans le c\u0153ur de l\u2019accus\u00e9, Kafka se laisse entra\u00eener \u00e0 un point tel que, quelques secondes avant la mort de son h\u00e9ros, il perd le recul du narrateur et tombe soudain t\u00eate en avant dans son roman&nbsp;: \u00ab&nbsp;Je levai les mains et \u00e9cartai les doigts&nbsp;\u00bb, lit-on dans le manuscrit. Je.\u00a0\u00bb<br>p.744<\/p>\n\n\n<ol class=\"wp-block-footnotes\"><li id=\"96fba990-2425-459a-ab37-a0d98bffa2e7\">\u201cMax Brod, \u00dcber Franz Kafka, op. cit., p.\u00a0156.\u201d <a href=\"#96fba990-2425-459a-ab37-a0d98bffa2e7-link\" aria-label=\"Aller \u00e0 la note de bas de page 1\">\u21a9\ufe0e<\/a><\/li><li id=\"7003939d-b885-4e72-b40f-81633fd1b9f3\">Journal, 6\u00a0ao\u00fbt 1914. \u2013\u00a0Kafka n\u2019ajouta qu\u2019apr\u00e8s coup la phrase\u00a0: \u00ab\u00a0Rien d\u2019autre ne pourra jamais me satisfaire.\u00a0 <a href=\"#7003939d-b885-4e72-b40f-81633fd1b9f3-link\" aria-label=\"Aller \u00e0 la note de bas de page 2\">\u21a9\ufe0e<\/a><\/li><\/ol>","protected":false},"excerpt":{"rendered":"<p>Kafka, le temps des d\u00e9cisions de Reiner Stachs &#8211; extraits du chapitre \u00ab\u00a0Autojustice : Le proc\u00e8s et Dans la colonie p\u00e9nitentiaire\u00ab\u00a0 rire irr\u00e9sistible &#8211; D\u2019apr\u00e8s une anecdote souvent cit\u00e9e, Kafka, lorsqu\u2019il lut \u00e0 ses amis le premier chapitre du Proc\u00e8s, aurait tant ri que \u00ab&nbsp;par instants il ne pouvait continuer sa lecture&nbsp;\u00bb, tandis que ses&hellip; <a class=\"more-link\" href=\"https:\/\/www.disparates.org\/iota\/2025\/01\/kafka-autojustice\/\">Poursuivre la lecture <span class=\"screen-reader-text\">Kafka &#8211; autojustice<\/span><\/a><\/p>\n","protected":false},"author":11,"featured_media":0,"comment_status":"closed","ping_status":"open","sticky":false,"template":"","format":"standard","meta":{"_acf_changed":false,"_jetpack_memberships_contains_paid_content":false,"footnotes":"[{\"content\":\"\u201cMax Brod, \u00dcber Franz Kafka, op. cit., p.\u00a0156.\u201d\",\"id\":\"96fba990-2425-459a-ab37-a0d98bffa2e7\"},{\"content\":\"Journal, 6\u00a0ao\u00fbt 1914. \u2013\u00a0Kafka n\u2019ajouta qu\u2019apr\u00e8s coup la phrase\u00a0: \u00ab\u00a0Rien d\u2019autre ne pourra jamais me satisfaire.\u00a0\",\"id\":\"7003939d-b885-4e72-b40f-81633fd1b9f3\"}]"},"categories":[801],"tags":[2448,2442,2444,2445,2392],"class_list":["post-25124","post","type-post","status-publish","format-standard","hentry","category-lire","tag-autojustice","tag-cachotterie","tag-fantasme-dautodestruction","tag-fantasme-de-chatiment","tag-kafka","entry"],"acf":[],"jetpack_featured_media_url":"","jetpack_sharing_enabled":true,"_links":{"self":[{"href":"https:\/\/www.disparates.org\/iota\/wp-json\/wp\/v2\/posts\/25124","targetHints":{"allow":["GET"]}}],"collection":[{"href":"https:\/\/www.disparates.org\/iota\/wp-json\/wp\/v2\/posts"}],"about":[{"href":"https:\/\/www.disparates.org\/iota\/wp-json\/wp\/v2\/types\/post"}],"author":[{"embeddable":true,"href":"https:\/\/www.disparates.org\/iota\/wp-json\/wp\/v2\/users\/11"}],"replies":[{"embeddable":true,"href":"https:\/\/www.disparates.org\/iota\/wp-json\/wp\/v2\/comments?post=25124"}],"version-history":[{"count":11,"href":"https:\/\/www.disparates.org\/iota\/wp-json\/wp\/v2\/posts\/25124\/revisions"}],"predecessor-version":[{"id":25913,"href":"https:\/\/www.disparates.org\/iota\/wp-json\/wp\/v2\/posts\/25124\/revisions\/25913"}],"wp:attachment":[{"href":"https:\/\/www.disparates.org\/iota\/wp-json\/wp\/v2\/media?parent=25124"}],"wp:term":[{"taxonomy":"category","embeddable":true,"href":"https:\/\/www.disparates.org\/iota\/wp-json\/wp\/v2\/categories?post=25124"},{"taxonomy":"post_tag","embeddable":true,"href":"https:\/\/www.disparates.org\/iota\/wp-json\/wp\/v2\/tags?post=25124"}],"curies":[{"name":"wp","href":"https:\/\/api.w.org\/{rel}","templated":true}]}}