{"id":26203,"date":"2021-02-26T10:38:00","date_gmt":"2021-02-26T09:38:00","guid":{"rendered":"https:\/\/www.disparates.org\/iota\/?p=26203"},"modified":"2025-02-28T18:01:47","modified_gmt":"2025-02-28T17:01:47","slug":"maladie-dalzheimer-le-regime-cetogene-a-letude","status":"publish","type":"post","link":"https:\/\/www.disparates.org\/iota\/2021\/02\/maladie-dalzheimer-le-regime-cetogene-a-letude\/","title":{"rendered":"Maladie d\u2019Alzheimer : le r\u00e9gime c\u00e9tog\u00e8ne \u00e0 l\u2019\u00e9tude"},"content":{"rendered":"\n<p><a href=\"https:\/\/francais.medscape.com\/voirarticle\/3603472_3?form=fpf\" target=\"_blank\" rel=\"noopener nofollow\" title=\"\">https:\/\/francais.medscape.com\/voirarticle\/3603472_3?form=fpf<\/a><\/p>\n\n\n\n<!--more-->\n\n\n\n<p><\/p>\n\n\n\n<p>10\u00a0ao\u00fbt\u00a02017<\/p>\n\n\n\n<p>Les strat\u00e9gies qui augmentent l\u2019assimilation des c\u00e9tones par le cerveau dans le traitement de la maladie d\u2019Alzheimer ou des troubles cognitifs l\u00e9gers prennent de l\u2019ampleur, selon les experts dans le domaine.<\/p>\n\n\n\n<p>Toute une s\u00e9ance consacr\u00e9e au m\u00e9tabolisme des c\u00e9tones c\u00e9r\u00e9brales et aux interventions c\u00e9tog\u00e8nes a eu lieu lors de la r\u00e9cente conf\u00e9rence internationale de l\u2019Alzheimer\u2019s Association International Conference (AAIC) 2017, avec de nouvelles donn\u00e9es cliniques montrant quelques observations pr\u00e9liminaires passionnantes.<\/p>\n\n\n\n<p><strong>\u201cNous savons que dans la maladie d\u2019Alzheimer, le cerveau perd sa capacit\u00e9 \u00e0 utiliser le glucose pour produire de l\u2019\u00e9nergie \u201c<\/strong>, explique Stephen Cunnane, PhD, Universit\u00e9 de Sherbrooke, Qu\u00e9bec, Canada. <strong>\u201cCertaines r\u00e9gions du cerveau sont en baisse de 40% en termes de m\u00e9tabolisme du glucose. Nous pensons que cet \u00e9cart d\u2019\u00e9nergie augmente le risque de dysfonctionnement neuronal et de d\u00e9clin cognitif.\u201d<\/strong><\/p>\n\n\n\n<p>Les \u00e9tudes pr\u00e9liminaires pr\u00e9sent\u00e9es ici sugg\u00e8rent que <strong>le cerveau peut utiliser des c\u00e9tones au lieu du glucose pour r\u00e9duire l\u2019\u00e9cart d\u2019\u00e9nergie<\/strong>, dit le Dr Cunnane. \u201cCes strat\u00e9gies doivent faire l\u2019objet de recherches plus pouss\u00e9es pour voir si elles peuvent retarder le d\u00e9clin cognitif chez les personnes \u00e2g\u00e9es \u201c, a-t-il ajout\u00e9.<\/p>\n\n\n\n<p>Les nouvelles donn\u00e9es comprenaient un <strong>essai pilote d\u2019un r\u00e9gime c\u00e9tog\u00e8ne<\/strong>, associ\u00e9 \u00e0 une am\u00e9lioration de la fonction cognitive chez les patients atteints de la maladie d\u2019Alzheimer, et les r\u00e9sultats pr\u00e9liminaires d\u2019une \u00e9tude en cours sugg\u00e9rant <strong>qu\u2019un suppl\u00e9ment c\u00e9tog\u00e8ne sous forme de triglyc\u00e9rides \u00e0 cha\u00eene moyenne <\/strong>peut partiellement r\u00e9tablir l\u2019apport \u00e9nerg\u00e9tique c\u00e9r\u00e9bral chez les patients pr\u00e9sentant une l\u00e9g\u00e8re d\u00e9ficience cognitive, avec des indications d\u2019am\u00e9lioration associ\u00e9e de la fonction cognitive.<\/p>\n\n\n\n<blockquote class=\"wp-block-quote is-layout-flow wp-block-quote-is-layout-flow\">\n<p>l&rsquo;huile de noix de coco contient des triglyc\u00e9rides \u00e0 cha\u00eene moyenne et non des triglyc\u00e9rides \u00e0 cha\u00eene longue, elle est souvent consid\u00e9r\u00e9e comme une huile saine. Notre corps utilise ces triglyc\u00e9rides \u00e0 cha\u00eene moyenne d&rsquo;une fa\u00e7on diff\u00e9rente, les envoyant directement au foie qui est bien plus efficace dans sa fa\u00e7on de les transformer en \u00e9nergie.\u00a0Le foie peut \u00e9galement les transformer en c\u00e9tones, ce qui ensuite contribue \u00e0 la sant\u00e9 du cerveau, ainsi r\u00e9duisant le risque de la maladie d&rsquo;Alzheimer.\u00a0<\/p>\n<\/blockquote>\n\n\n\n<p>Une autre \u00e9tude, pr\u00e9sent\u00e9e sous forme d\u2019affiche, indique que <strong>l\u2019exercice physique <\/strong>augmente l\u2019absorption des c\u00e9tones dans le cerveau.<\/p>\n\n\n\n<p>\u201cNous ignorons si c\u2019est l\u00e0 le m\u00e9canisme responsable des effets b\u00e9n\u00e9fiques bien document\u00e9s de l\u2019exercice sur les fonctions cognitives, mais nous ne savons pas si les suppl\u00e9ments c\u00e9tog\u00e8nes et l\u2019exercice pourraient \u00eatre combin\u00e9s pour avoir un impact plus important sur le d\u00e9ficit \u00e9nerg\u00e9tique du cerveau \u201c, a d\u00e9clar\u00e9 le Dr Cunnane.<\/p>\n\n\n\n<p>\u201cLe r\u00e9gime c\u00e9tog\u00e8ne est utilis\u00e9 dans l\u2019\u00e9pilepsie depuis pr\u00e8s de 100 ans et s\u2019est r\u00e9v\u00e9l\u00e9 efficace pour r\u00e9duire les crises d\u2019\u00e9pilepsie \u201c, a d\u00e9clar\u00e9 Russell H. Swerdlow, MD, University of Kansas Alzheimer\u2019s Disease Center, Fairway, qui a pr\u00e9sent\u00e9 l\u2019\u00e9tude sur le r\u00e9gime c\u00e9tog\u00e8ne, \u00e0 Medscape Medical News.<\/p>\n\n\n\n<p>\u201cNos r\u00e9sultats sugg\u00e8rent qu\u2019il pourrait \u00e9galement \u00eatre utile dans d\u2019autres formes de maladies neurologiques comme la maladie d\u2019Alzheimer, mais ce n\u2019est pas un r\u00e9gime facile \u00e0 suivre \u201c, a-t-il ajout\u00e9. \u201c<strong>Le but de notre \u00e9tude est d\u2019\u00e9tablir un principe selon lequel le m\u00e9tabolisme du cerveau peut \u00eatre sauv\u00e9 par un carburant autre que le glucose.<\/strong>\u201d<\/p>\n\n\n\n<p>Le Dr Cunnane a not\u00e9 que des \u00e9tudes ont montr\u00e9 que l\u2019absorption de glucose dans le cortex frontal c\u00e9r\u00e9bral est 14 % plus faible chez les personnes \u00e2g\u00e9es en bonne sant\u00e9 cognitive que chez les jeunes personnes en bonne sant\u00e9. Les patients atteints de la maladie d\u2019Alzheimer au stade pr\u00e9coce pr\u00e9sentent un d\u00e9ficit plus \u00e9lev\u00e9, avec un taux d\u2019absorption du glucose de 20 \u00e0 30 % inf\u00e9rieur \u00e0 celui des personnes \u00e2g\u00e9es cognitivement normales.<\/p>\n\n\n\n<p>\u201c<strong>Quiconque essaie de fonctionner avec 20 % moins de glucose dans le cerveau \u00e0 long terme souffrira d\u2019\u00e9puisement c\u00e9r\u00e9bral<\/strong> \u201c, a-t-il dit.<\/p>\n\n\n\n<p>Il a reconnu qu\u2019il y a eu un d\u00e9bat sur la question de savoir si la r\u00e9duction du m\u00e9tabolisme du glucose dans le cerveau observ\u00e9e dans la maladie d\u2019Alzheimer est une cause ou une cons\u00e9quence de la maladie, \u201d l\u2019argument \u00e9tant que si les neurones sont morts, ils n\u2019ont pas besoin de prendre du glucose \u201c.<\/p>\n\n\n\n<p>Mais il a soulign\u00e9 que des \u00e9tudes ont montr\u00e9 un hypom\u00e9tabolisme latent pr\u00e9symptomatique de la glyc\u00e9mie c\u00e9r\u00e9brale chez les personnes \u00e2g\u00e9es, les personnes insulinor\u00e9sistantes, les personnes ayant des ant\u00e9c\u00e9dents familiaux de la maladie d\u2019Alzheimer et les porteurs d\u2019APOE4. \u201cEt nous avons montr\u00e9 que le cerveau peut continuer \u00e0 absorber des c\u00e9tones lorsque sa capacit\u00e9 d\u2019utiliser le glucose diminue \u201c, a-t-il not\u00e9. \u201cSi les neurones sont morts, ils ne devraient pas pouvoir absorber les c\u00e9tones non plus.\u201d<\/p>\n\n\n\n<p>La recherche se concentre donc sur l\u2019augmentation de la concentration de c\u00e9tones dans le sang pour voir si cela est associ\u00e9 \u00e0 une r\u00e9duction du d\u00e9clin cognitif.<\/p>\n\n\n\n<p><strong>R\u00e9gime c\u00e9tog\u00e8ne<\/strong><\/p>\n\n\n\n<p><strong>La premi\u00e8re et la plus \u00e9vidente fa\u00e7on d\u2019augmenter la concentration de c\u00e9tones dans le sang est par l\u2019alimentation, mais ce n\u2019est pas simple, car elle n\u00e9cessite un apport tr\u00e8s faible en glucides.<\/strong><\/p>\n\n\n\n<p>Le Dr Swerdlow a expliqu\u00e9 que les c\u00e9tones sont produites par l\u2019organisme <strong>dans des conditions de famin<\/strong>e lorsque les taux d\u2019insuline sont tr\u00e8s faibles.<\/p>\n\n\n\n<p>\u201cLorsque l\u2019apport en glucides est consid\u00e9rablement r\u00e9duit sans augmenter les prot\u00e9ines, les niveaux d\u2019insuline diminuent et l\u2019organisme commence \u00e0 mobiliser ses r\u00e9serves de graisse \u201c, explique-t-il. \u201cCes graisses sont transform\u00e9es en c\u00e9tones dans le foie et lib\u00e9r\u00e9es dans le sang, o\u00f9 elles remplacent le glucose. Dans ces conditions, les neurones du cerveau passent de la consommation de glucose carbone \u00e0 la consommation de c\u00e9tone carbone comme source d\u2019\u00e9nergie, mais les graisses ne sont m\u00e9tabolis\u00e9es en c\u00e9tones que si les niveaux d\u2019insuline sont tr\u00e8s faibles.\u201d<\/p>\n\n\n\n<p>L\u2019objectif du r\u00e9gime c\u00e9tog\u00e8ne est donc de r\u00e9duire l\u2019insuline en consommant tr\u00e8s peu de glucides, le reste des calories provenant des graisses, dit-il. \u201c<strong>L\u2019adh\u00e9sion \u00e0 un r\u00e9gime c\u00e9tog\u00e8ne, cependant, exige un engagement consid\u00e9rable, et la capacit\u00e9 des patients atteints de la maladie d\u2019Alzheimer \u00e0 suivre un r\u00e9gime c\u00e9tog\u00e8ne est inconnu<\/strong>e.<\/p>\n\n\n\n<p>Le Dr Swerdlow a pr\u00e9sent\u00e9 les r\u00e9sultats d\u2019une petite \u00e9tude pilote montrant qu\u2019il est possible pour les patients atteints de la maladie d\u2019Alzheimer de suivre un r\u00e9gime c\u00e9tog\u00e8ne pendant une courte p\u00e9riode, ce qui semble li\u00e9 \u00e0 une am\u00e9lioration de la fonction cognitive.<\/p>\n\n\n\n<p>Dans le cadre de l\u2019\u00e9tude, <strong>15 personnes ayant re\u00e7u un diagnostic de maladie d\u2019Alzheimer l\u00e9g\u00e8re ont \u00e9t\u00e9 soumises \u00e0 un r\u00e9gime c\u00e9tog\u00e8ne avec suppl\u00e9ments de triglyc\u00e9rides pendant 3 mois<\/strong>. Le degr\u00e9 de c\u00e9tose atteint a \u00e9t\u00e9 mesur\u00e9 par des analyses d\u2019urine quotidiennes ainsi que par la mesure mensuelle des taux plasmatiques de b\u00eatahydroxybutyrate. La fonction cognitive a \u00e9t\u00e9 \u00e9valu\u00e9e au d\u00e9part, \u00e0 la fin de la p\u00e9riode d\u2019alimentation de trois mois et apr\u00e8s un mois suppl\u00e9mentaire lorsque les patients sont revenus \u00e0 une alimentation normale.<\/p>\n\n\n\n<p>Les r\u00e9sultats ont montr\u00e9 que 10 des 15 patients ont r\u00e9ussi \u00e0 maintenir leur r\u00e9gime alimentaire et ont obtenu une c\u00e9tose soutenue. Ces patients pr\u00e9sentaient une d\u00e9mence moins grave que cinq patients ayant interrompu leur r\u00e9gime alimentaire.<\/p>\n\n\n\n<p>Dans le cas des 10 patients qui sont demeur\u00e9s sous r\u00e9gime pendant 3 mois, la fonction cognitive s\u2019est am\u00e9lior\u00e9e de 4,1 points par rapport \u00e0 la valeur initiale sur l\u2019\u00e9chelle d\u2019\u00e9valuation de la maladie d\u2019Alzheimer (<a href=\"http:\/\/psychologieclinique.over-blog.com\/2015\/08\/l-echelle-adas-alzheimer-s-disease-assessment-scale.html\">ADAS Cog<\/a>), <strong>mais les scores sont revenus \u00e0 leur valeur initiale apr\u00e8s le retour des patients \u00e0 leur r\u00e9gime alimentaire normal. <\/strong>Aucun probl\u00e8me de s\u00e9curit\u00e9 n\u2019a \u00e9t\u00e9 signal\u00e9.<\/p>\n\n\n\n<p>\u201cEn ce qui concerne les \u00e9tudes sur la maladie d\u2019Alzheimer, une am\u00e9lioration de 4 points du score ADAS Cog est assez robuste \u201c, a not\u00e9 le Dr Swerdlow. \u201cIl est plus \u00e9lev\u00e9 que celui observ\u00e9 dans les \u00e9tudes sur les inhibiteurs de la cholinest\u00e9rase. Cela sugg\u00e8re une am\u00e9lioration significative de la cognition.\u201d<\/p>\n\n\n\n<p>\u00c0 sa connaissance, dit-il, il s\u2019agit du premier rapport d\u2019une \u00e9tude sur l\u2019alimentation c\u00e9tog\u00e8ne chez des patients atteints de la maladie d\u2019Alzheimer, bien qu\u2019une \u00e9tude ant\u00e9rieure men\u00e9e chez des personnes atteintes de troubles cognitifs l\u00e9gers ait \u00e9galement sugg\u00e9r\u00e9 un effet b\u00e9n\u00e9fique.<\/p>\n\n\n\n<p>\u201cIl ne s\u2019agit que d\u2019une \u00e9tude pilote \u2013 je n\u2019irais pas jusqu\u2019\u00e0 dire que cela a fonctionn\u00e9 \u201c, a-t-il ajout\u00e9. \u201cMais nous pouvons dire que nous avons vu un signal th\u00e9rapeutique potentiel qui justifie d\u2019autres \u00e9tudes pour confirmer s\u2019il y a un effet r\u00e9el. C\u2019est vraiment excitant.\u201d<\/p>\n\n\n\n<p>Mais parce que le r\u00e9gime alimentaire implique un apport si faible en glucides qu\u2019il n\u2019est pas jug\u00e9 faisable de le recommander pour une utilisation de routine dans le traitement ou la pr\u00e9vention de la maladie d\u2019Alzheimer.<\/p>\n\n\n\n<p>\u201c<strong>Ce n\u2019est pas un r\u00e9gime que les gens aimeront suivre<\/strong>\u00a0\u201c, a dit le Dr Swerdlow. \u201cLe but ultime n\u2019est pas de recommander un r\u00e9gime c\u00e9tog\u00e8ne dans leur vie quotidienne \u2013 ce sera trop difficile. Nous essayons simplement de montrer la preuve de principe que la manipulation du m\u00e9tabolisme \u00e9nerg\u00e9tique du cerveau peut avoir un impact sur les sympt\u00f4mes de la maladie d\u2019Alzheimer. Si nous pouvons l\u2019\u00e9tablir, nous pourrons alors essayer de trouver d\u2019autres moyens de simuler les effets d\u2019un r\u00e9gime c\u00e9tog\u00e8ne qui, esp\u00e9rons-le, serait plus acceptable.<\/p>\n\n\n\n<p>\u201cIl peut s\u2019agir de suppl\u00e9ments ou d\u2019une th\u00e9rapie m\u00e9dicamenteuse \u201c, a-t-il ajout\u00e9. \u201cL\u2019objectif final serait de trouver un produit pharmaceutique qui manipulerait les niveaux d\u2019\u00e9nergie du cerveau de la m\u00eame fa\u00e7on.\u201d<\/p>\n\n\n\n<p>\u00a0<strong>Suppl\u00e9ment de triglyc\u00e9rides<\/strong><\/p>\n\n\n\n<p>Une fa\u00e7on plus facile d\u2019administrer des c\u00e9tones au cerveau peut \u00eatre sous forme de suppl\u00e9ments sans qu\u2019il soit n\u00e9cessaire d\u2019avoir un r\u00e9gime alimentaire pauvre en glucides.<\/p>\n\n\n\n<p>Cette approche est \u00e9tudi\u00e9e dans l\u2019\u00e9tude BENEFIC, dont les r\u00e9sultats interm\u00e9diaires ont \u00e9t\u00e9 pr\u00e9sent\u00e9s par M. Cunnane.<\/p>\n\n\n\n<p>\u201cDans cette \u00e9tude, nous ne demandons pas aux patients de suivre un r\u00e9gime sp\u00e9cifique. Nous leur donnons simplement un suppl\u00e9ment \u2013 deux fois par jour \u2013 la moiti\u00e9 le matin et l\u2019autre moiti\u00e9 le soir. C\u2019est certainement plus facile d\u2019un point de vue logistique que d\u2019essayer de s\u2019en tenir \u00e0 un r\u00e9gime c\u00e9tog\u00e8ne&nbsp;\u201c, dit-il.<\/p>\n\n\n\n<p>L\u2019\u00e9tude assigne au hasard 50 patients atteints de troubles cognitifs l\u00e9gers \u00e0 un traitement de 6 mois avec un suppl\u00e9ment de triglyc\u00e9rides \u00e0 cha\u00eene moyenne (30 g de graisse c\u00e9tog\u00e8ne par jour[dans une \u00e9mulsion de lait \u00e9cr\u00e9m\u00e9 sans lactose]) ou un placebo. Les participants subissent une batterie cognitive et des traceurs de tomographie par \u00e9mission de positrons de c\u00e9tone et de glucose au d\u00e9but et \u00e0 la fin de la phase de traitement. Jusqu\u2019\u00e0 pr\u00e9sent, 12 patients de chaque groupe ont termin\u00e9 l\u2019\u00e9tude et les r\u00e9sultats ont \u00e9t\u00e9 rapport\u00e9s sur ces patients.<\/p>\n\n\n\n<p>Les r\u00e9sultats ont montr\u00e9 un d\u00e9ficit \u00e9nerg\u00e9tique c\u00e9r\u00e9bral de 4 % \u00e0 8 % qui \u00e9tait sp\u00e9cifique au taux m\u00e9tabolique c\u00e9r\u00e9bral attribu\u00e9 au glucose chez les patients pr\u00e9sentant une l\u00e9g\u00e8re d\u00e9ficience cognitive au d\u00e9part. Le taux m\u00e9tabolique c\u00e9r\u00e9bral attribuable aux c\u00e9tones a augment\u00e9 apr\u00e8s l\u2019intervention dans le groupe actif seulement et en proportion directe avec l\u2019augmentation des c\u00e9tones plasmatiques.<\/p>\n\n\n\n<p>En termes de fonction cognitive, la performance dans des domaines sp\u00e9cifiques de la fonction ex\u00e9cutive et de la vitesse de traitement (score s\u00e9mantique de fluidit\u00e9 verbale et s\u00e9mantique et performance dans le temps du Trail Making Number-Letter Switching Test) montre une corr\u00e9lation directe avec les niveaux de c\u00e9tones plasmatiques. Le taux d\u2019observance sur 6 mois dans les deux groupes \u00e9tait de 78 %.<\/p>\n\n\n\n<p>\u201c<strong>Nous sommes en train d\u2019\u00e9valuer si le cerveau peut utiliser les c\u00e9tones contenues dans le suppl\u00e9ment, et la r\u00e9ponse est certainement oui <\/strong>\u201c, a d\u00e9clar\u00e9 le Dr Cunnane \u00e0 Medscape Medical News. \u201cC\u2019\u00e9tait une \u00e9tape critique. Nous avons aussi vu des signes d\u2019avantages cognitifs, mais c\u2019est une \u00e9tude trop petite pour dire quoi que ce soit de d\u00e9finitif.\u201d<\/p>\n\n\n\n<p><strong>R\u00e9sultats en 2018<\/strong><\/p>\n\n\n\n<p>N\u00e9anmoins, encourag\u00e9 par ces premiers r\u00e9sultats, il ajoute : \u00ab nous avons montr\u00e9 que l\u2019am\u00e9lioration cognitive \u00e9tait li\u00e9e \u00e0 la concentration en c\u00e9tones. Si cette relation existe alors nous devrions voir un effet significatif sur les crit\u00e8res de cognition. \u00bb<\/p>\n\n\n\n<p>\u00ab Nous r\u00e9sultats nous laisse penser que nous avons <strong>corrig\u00e9 environ les deux tiers du d\u00e9ficit en \u00e9nergie chez ces patients souffrant d\u2019une atteinte cognitive l\u00e9g\u00e8re avec 30 grammes d\u2019un compl\u00e9ment riche en triglyc\u00e9rides. <\/strong>Nous pensons que nous aurions besoin d\u2019une dose plus \u00e9lev\u00e9e pour ramener le niveau d\u2019\u00e9nergie \u00e0 100% \u2013 peut-\u00eatre 45g par jour \u00bb ajoute-t-il.<\/p>\n\n\n\n<p>L\u2019\u00e9tude BENEFIC devrait se terminer \u00e0 la fin de l\u2019ann\u00e9e, et les r\u00e9sultats \u00eatre disponible au printemps prochain. La prochaine \u00e9tape serait un essai multicentrique. A suivre.<\/p>\n\n\n\n<p><strong>&nbsp;R\u00e9gime c\u00e9tog\u00e8ne : de l\u2019\u00e9pilepsie \u00e0 la maladie d\u2019Alzheimer&nbsp;<\/strong><\/p>\n\n\n\n<p>Si le r\u00e9gime c\u00e9tog\u00e8ne est utilis\u00e9 depuis un si\u00e8cle environ (1921), suite aux recherches du <strong>Dr Rawle Geyelin<\/strong>, pour soigner certaines \u00e9pilepsies, les grecs, d\u00e9j\u00e0, dans l\u2019Antiquit\u00e9, avaient remarqu\u00e9 que le meilleur moyen d\u2019\u00eatre d\u00e9livr\u00e9 des crises \u00e9tait de je\u00fbner [3]. Mais, c\u2019est au <strong>Dr Mary Newport<\/strong> que l\u2019on doit d\u2019avoir popularis\u00e9 le r\u00e9gime c\u00e9tog\u00e8ne dans la maladie d\u2019Alzheimer. En 2008, ce m\u00e9decin et chercheur am\u00e9ricain, \u00ab teste \u00bb sur son mari Steve, atteint de la maladie d\u2019Alzheimer \u00e0 51 ans, une prise quotidienne d\u2019huile de noix de coco. L\u2019effet est impressionnant avec une am\u00e9lioration rapide de ses sympt\u00f4mes, qui lui donne un r\u00e9pit de deux ans avant que son \u00e9tat se d\u00e9t\u00e9riore \u00e0 nouveau. Mary Newport en tire un livre qui fait conna\u00eetre cette piste de recherche [4]. Apr\u00e8s avoir connu un certain engouement aupr\u00e8s du public, l\u2019huile de coco et la di\u00e8te c\u00e9tog\u00e8ne trouvent d\u00e9sormais un \u00e9cho aupr\u00e8s des chercheurs, et notamment du canadien <strong>Stephen Cunnane<\/strong> de l\u2019Universit\u00e9 de Sherbrooke, qui s\u2019attache depuis quelques ann\u00e9es \u00e0 d\u00e9montrer scientifiquement le lien entre c\u00e9tones et vieillissement c\u00e9r\u00e9bral. Il reste n\u00e9anmoins prudent : \u00ab Nous ne voulons pas donner l\u2019impression fausse que nous d\u00e9tenons la solution miracle \u00bb affirmait-il en 2013 [5].<\/p>\n\n\n\n<p>L\u2019\u00e9tude sur la di\u00e8te c\u00e9tog\u00e8ne a \u00e9t\u00e9 financ\u00e9e par l\u2019Universit\u00e9 du Kansas. L\u2019association Alzheimer a financ\u00e9 l\u2019\u00e9tude sur la suppl\u00e9mentation en triglyc\u00e9rides.<\/p>\n\n\n\n<p>L\u2019article original a \u00e9t\u00e9 <a href=\"http:\/\/www.medscape.com\/viewarticle\/883743\">publi\u00e9 sur Medscape \u00e9dition internationale&nbsp;<\/a> le 3 ao\u00fbt 2017. Traduit de l\u2019anglais et adapt\u00e9 par St\u00e9phanie Lavaud. Modifi\u00e9 le 17\/08\/17 suite aux commentaires du Dr Le Roux.<\/p>\n\n\n\n<p><strong>Liens<\/strong><\/p>\n\n\n\n<p><a href=\"http:\/\/www.medscape.com\/voirarticle\/3603349\">Maladie de Parkinson et cholest\u00e9rol : une \u00e9tude relance le d\u00e9bat<\/a><\/p>\n\n\n\n<p><a href=\"http:\/\/www.medscape.com\/voirarticle\/3602504\">Pr\u00e9venir la d\u00e9pression par l\u2019alimentation : ce que l\u2019on sait<\/a><\/p>\n\n\n\n<p><a href=\"http:\/\/www.medscape.com\/voirarticle\/3603319\">Des m\u00e9langes sp\u00e9cifiques d\u2019om\u00e9ga 3 et 6 prot\u00e8geraient le cerveau&nbsp;<\/a><\/p>\n\n\n\n<p>&nbsp; <a href=\"#\">R\u00e9f\u00e9rences<\/a> &nbsp;<\/p>\n\n\n\n<p>Source : <a href=\"https:\/\/francais.medscape.com\/voirarticle\/3603472_3\">Maladie d\u2019Alzheimer : le r\u00e9gime c\u00e9tog\u00e8ne \u00e0 l\u2019\u00e9tude<\/a><\/p>\n\n\n\n<p>&nbsp; <a href=\"https:\/\/guerir-du-cancer.fr\/alzheimer-ces-patients-qui-en-guerissent\/\">\ue62ePr\u00e9c\u00e9dentAlzheimer : ces patients qui en gu\u00e9rissent<\/a><\/p>\n\n\n\n<p>&nbsp; <a href=\"https:\/\/guerir-du-cancer.fr\/alzheimer-il-est-temps-de-secouer-le-cocotier\/\">\ue62fSuivantAlzheimer : il est temps de secouer le cocotier<\/a><\/p>\n\n\n\n<p><strong>Articles Similaires<\/strong><\/p>\n\n\n\n<p><a href=\"https:\/\/guerir-du-cancer.fr\/temoignage-de-charles-melanome\/\">&nbsp; \ue050&nbsp;<\/a><\/p>\n\n\n\n<p><a href=\"https:\/\/guerir-du-cancer.fr\/temoignage-de-charles-melanome\/\"><strong>T\u00e9moignage de Charles \u2013 M\u00e9lanome<\/strong><\/a><\/p>\n\n\n\n<p>12 d\u00e9cembre 2020<\/p>\n\n\n\n<p><a href=\"https:\/\/guerir-du-cancer.fr\/on-a-vu-sugarland-le-docu-choc-qui-denonce-les-sucres-caches\/\">&nbsp; \ue050&nbsp;<\/a><\/p>\n\n\n\n<p><a href=\"https:\/\/guerir-du-cancer.fr\/on-a-vu-sugarland-le-docu-choc-qui-denonce-les-sucres-caches\/\"><strong>On a vu SUGARLAND le docu CHOC qui d\u00e9nonce les SUCRES CACH\u00c9S<\/strong><\/a><\/p>\n\n\n\n<p>7 avril 2018<\/p>\n\n\n\n<p><a href=\"https:\/\/guerir-du-cancer.fr\/une-alimentation-faible-en-glucides-et-riche-en-matieres-grasses-peut-stimuler-le-traitement-cible-contre-le-cancer\/\">&nbsp; \ue050&nbsp;<\/a><\/p>\n\n\n\n<p><a href=\"https:\/\/guerir-du-cancer.fr\/une-alimentation-faible-en-glucides-et-riche-en-matieres-grasses-peut-stimuler-le-traitement-cible-contre-le-cancer\/\"><strong>Une alimentation faible en glucides et riche en mati\u00e8res grasses peut stimuler le traitement cibl\u00e9 contre le cancer<\/strong><\/a><\/p>\n\n\n\n<p>15 juillet 2018<\/p>\n\n\n\n<p><a href=\"https:\/\/guerir-du-cancer.fr\/le-cancer-et-l-alzheimer-sont-possiblement-le-resultat-dun-meme-phenomene-linflammation\/\">&nbsp; \ue050&nbsp;<\/a><\/p>\n\n\n\n<p><a href=\"https:\/\/guerir-du-cancer.fr\/le-cancer-et-l-alzheimer-sont-possiblement-le-resultat-dun-meme-phenomene-linflammation\/\"><strong>Le cancer et l\u2019 Alzheimer sont possiblement le r\u00e9sultat d\u2019un m\u00eame&nbsp; ph\u00e9nom\u00e8ne: l\u2019inflammation.<\/strong><\/a><\/p>\n\n\n\n<p>5 juillet 2020<\/p>\n","protected":false},"excerpt":{"rendered":"<p>https:\/\/francais.medscape.com\/voirarticle\/3603472_3?form=fpf<\/p>\n","protected":false},"author":11,"featured_media":0,"comment_status":"open","ping_status":"open","sticky":false,"template":"","format":"standard","meta":{"_acf_changed":false,"_jetpack_memberships_contains_paid_content":false,"footnotes":""},"categories":[1],"tags":[2410],"class_list":["post-26203","post","type-post","status-publish","format-standard","hentry","category-non-classe","tag-alzheimer","entry"],"acf":[],"jetpack_featured_media_url":"","jetpack_sharing_enabled":true,"_links":{"self":[{"href":"https:\/\/www.disparates.org\/iota\/wp-json\/wp\/v2\/posts\/26203","targetHints":{"allow":["GET"]}}],"collection":[{"href":"https:\/\/www.disparates.org\/iota\/wp-json\/wp\/v2\/posts"}],"about":[{"href":"https:\/\/www.disparates.org\/iota\/wp-json\/wp\/v2\/types\/post"}],"author":[{"embeddable":true,"href":"https:\/\/www.disparates.org\/iota\/wp-json\/wp\/v2\/users\/11"}],"replies":[{"embeddable":true,"href":"https:\/\/www.disparates.org\/iota\/wp-json\/wp\/v2\/comments?post=26203"}],"version-history":[{"count":3,"href":"https:\/\/www.disparates.org\/iota\/wp-json\/wp\/v2\/posts\/26203\/revisions"}],"predecessor-version":[{"id":26206,"href":"https:\/\/www.disparates.org\/iota\/wp-json\/wp\/v2\/posts\/26203\/revisions\/26206"}],"wp:attachment":[{"href":"https:\/\/www.disparates.org\/iota\/wp-json\/wp\/v2\/media?parent=26203"}],"wp:term":[{"taxonomy":"category","embeddable":true,"href":"https:\/\/www.disparates.org\/iota\/wp-json\/wp\/v2\/categories?post=26203"},{"taxonomy":"post_tag","embeddable":true,"href":"https:\/\/www.disparates.org\/iota\/wp-json\/wp\/v2\/tags?post=26203"}],"curies":[{"name":"wp","href":"https:\/\/api.w.org\/{rel}","templated":true}]}}