{"id":27493,"date":"2026-04-22T18:34:16","date_gmt":"2026-04-22T16:34:16","guid":{"rendered":"https:\/\/www.disparates.org\/iota\/?p=27493"},"modified":"2026-04-23T18:45:49","modified_gmt":"2026-04-23T16:45:49","slug":"je-veux-commencer-en-evoquant-le-vide-le-manque","status":"publish","type":"post","link":"https:\/\/www.disparates.org\/iota\/2026\/04\/je-veux-commencer-en-evoquant-le-vide-le-manque\/","title":{"rendered":"je veux commencer en \u00e9voquant le vide, le manque"},"content":{"rendered":"<p>je veux commencer en \u00e9voquant le vide, le manque<br \/>\nqu&rsquo;il ne s&rsquo;agirait plus de chercher<br \/>\n\u00e0 recouvrir ou \u00e0 combler<br \/>\nmais bien au contraire<br \/>\nde d\u00e9couvrir, d&rsquo;\u00e9largir<\/p>\n<p>je parlerais d&rsquo;une faille<br \/>\nqui ne se laisse pas facilement apercevoir<br \/>\nqui se camoufle<\/p>\n<p>je dis qu&rsquo;il s&rsquo;agit de<br \/>\nde la traquer de la pelleter de l&rsquo;\u00e9pousseter partout o\u00f9 elle se dissimule se diss\u00e9mine<br \/>\nde ramener son sable en un seul endroit,<br \/>\net des mati\u00e8res accumul\u00e9es<br \/>\nentass\u00e9es<br \/>\nsoigneusement d\u00e9tourer l&rsquo;espace<br \/>\n\u2014 pour alors se tourner vers vous, genoux enfonc\u00e9s dans le sable, un petit signe de la t\u00eate \u2014,<br \/>\net pr\u00e9senter son vide au jour<\/p>\n<p>une faille<br \/>\nnon universelle, personnelle<br \/>\ndont la particularit\u00e9 m\u00eame la constitue<br \/>\nune faille de d\u00e9part, sans cause<br \/>\nirr\u00e9m\u00e9diable<br \/>\nirr\u00e9parable<\/p>\n<p>irr\u00e9parable<\/p>\n<p>irr\u00e9parable<br \/>\ncomme la forme d&rsquo;une plante<br \/>\nd&rsquo;une fleur par exemple<br \/>\n\u00e0 l&rsquo;endroit o\u00f9 elle n&rsquo;est pas le reste du monde, o\u00f9 elle s&rsquo;en s\u00e9pare<\/p>\n<p>(irr\u00e9parable en ce qu&rsquo;elle se constitue de ce qu&rsquo;elle est, de sa mati\u00e8re m\u00eame, de son existence dans sa diff\u00e9rence d&rsquo;avec le reste du monde, sa s\u00e9paration)<\/p>\n<p>son plein est son trop<\/p>\n<p>de cette faille parvenir \u00e0 s&rsquo;extraire, de son fond se hisser<br \/>\nse poser \u00e0 son bord<br \/>\nvivre l\u00e0<\/p>\n<p>car elle est la souffrance inaper\u00e7ue<br \/>\nla source de la honte<br \/>\nelle est le manque en trop du monde<br \/>\nelle est irr\u00e9parable blessure<\/p>\n<p>il faut vivre<br \/>\nen dehors de soi<\/p>\n<p>25 d\u00e9c 25<br \/>\n22 avril 26 (anniv papa, Jacques &#x2764;&#xfe0f; &#x1f5a4; &#x1f494; &#x1fa76; &#x1fa76; )<\/p>\n","protected":false},"excerpt":{"rendered":"<p>je veux commencer en \u00e9voquant le vide, le manque qu&rsquo;il ne s&rsquo;agirait plus de chercher \u00e0 recouvrir ou \u00e0 combler mais bien au contraire de d\u00e9couvrir, d&rsquo;\u00e9largir je parlerais d&rsquo;une faille qui ne se laisse pas facilement apercevoir qui se camoufle je dis qu&rsquo;il s&rsquo;agit de de la traquer de la pelleter de l&rsquo;\u00e9pousseter partout&hellip; <a class=\"more-link\" href=\"https:\/\/www.disparates.org\/iota\/2026\/04\/je-veux-commencer-en-evoquant-le-vide-le-manque\/\">Poursuivre la lecture <span class=\"screen-reader-text\">je veux commencer en \u00e9voquant le vide, le manque<\/span><\/a><\/p>\n","protected":false},"author":11,"featured_media":0,"comment_status":"open","ping_status":"open","sticky":false,"template":"","format":"standard","meta":{"_acf_changed":false,"_jetpack_memberships_contains_paid_content":false,"footnotes":""},"categories":[1],"tags":[2068],"class_list":["post-27493","post","type-post","status-publish","format-standard","hentry","category-non-classe","tag-poesie","entry"],"acf":[],"jetpack_featured_media_url":"","jetpack_sharing_enabled":true,"_links":{"self":[{"href":"https:\/\/www.disparates.org\/iota\/wp-json\/wp\/v2\/posts\/27493","targetHints":{"allow":["GET"]}}],"collection":[{"href":"https:\/\/www.disparates.org\/iota\/wp-json\/wp\/v2\/posts"}],"about":[{"href":"https:\/\/www.disparates.org\/iota\/wp-json\/wp\/v2\/types\/post"}],"author":[{"embeddable":true,"href":"https:\/\/www.disparates.org\/iota\/wp-json\/wp\/v2\/users\/11"}],"replies":[{"embeddable":true,"href":"https:\/\/www.disparates.org\/iota\/wp-json\/wp\/v2\/comments?post=27493"}],"version-history":[{"count":3,"href":"https:\/\/www.disparates.org\/iota\/wp-json\/wp\/v2\/posts\/27493\/revisions"}],"predecessor-version":[{"id":27498,"href":"https:\/\/www.disparates.org\/iota\/wp-json\/wp\/v2\/posts\/27493\/revisions\/27498"}],"wp:attachment":[{"href":"https:\/\/www.disparates.org\/iota\/wp-json\/wp\/v2\/media?parent=27493"}],"wp:term":[{"taxonomy":"category","embeddable":true,"href":"https:\/\/www.disparates.org\/iota\/wp-json\/wp\/v2\/categories?post=27493"},{"taxonomy":"post_tag","embeddable":true,"href":"https:\/\/www.disparates.org\/iota\/wp-json\/wp\/v2\/tags?post=27493"}],"curies":[{"name":"wp","href":"https:\/\/api.w.org\/{rel}","templated":true}]}}