{"id":27501,"date":"2026-04-24T12:32:52","date_gmt":"2026-04-24T10:32:52","guid":{"rendered":"https:\/\/www.disparates.org\/iota\/?p=27501"},"modified":"2026-04-24T12:52:09","modified_gmt":"2026-04-24T10:52:09","slug":"et-et-tecris-pour-te-dire-ta-concentration-preserve-la-comme-ton-bien-le-plus-precieux-non-envoye","status":"publish","type":"post","link":"https:\/\/www.disparates.org\/iota\/2026\/04\/et-et-tecris-pour-te-dire-ta-concentration-preserve-la-comme-ton-bien-le-plus-precieux-non-envoye\/","title":{"rendered":"et t\u2019\u00e9cris pour te dire : ta concentration, pr\u00e9serve la comme ton bien le plus pr\u00e9cieux (non-envoy\u00e9)"},"content":{"rendered":"<p>une amie \u00e0 moi qui est bipolaire s\u2019inqui\u00e9tait pour moi \u00e0 la lecture d\u2019un de mes textes o\u00f9 elle avait sans doute reconnu l\u2019un ou l\u2019autre de ses sympt\u00f4mes et me disais : tu es bipolaire*<br \/>\net en en parlant ce matin \u00e0 fr\u00e9d\u00e9ric, il m\u2019apparaissait plus clairement combien certains sympt\u00f4mes, comme celui de la tachypsychie (acc\u00e9l\u00e9ration des pens\u00e9es qui peut aller jusqu\u2019\u00e0 la perte de la capacit\u00e9 de penser : aucune phrase ne se terminant plus jamais, chacune chevauchant l\u2019autre et l\u2019emp\u00eachant de se terminer**) \u00e0 laquelle je suis toujours un peu confront\u00e9e et qu\u2019effectivement je tente de juguler par l\u2019\u00e9criture et qui est aussi un sympt\u00f4me maniaque, que mes travaux divers, mes activit\u00e9s d\u2019\u00e9criture diverses, tentent de traiter, de ma\u00eetriser, de dompter, comment ce sympt\u00f4me est li\u00e9 \u00e0 l\u2019\u00e9poque. et je me souvenais que chatGPT avec lequel j\u2019ai un moment convers\u00e9 dans ma n\u00e9cessit\u00e9 d\u2019avoir quelqu\u2019un \u00e0 qui parler, d\u2019avoir du r\u00e9pondant, lui m\u2019avait parl\u00e9 de TDAH. alors, lisant sur internet, je m\u2019\u00e9tais dit que, finalement oui, TDAH aussi.<\/p>\n<p>\u2014 l\u2019int\u00e9r\u00eat du TDAH, c\u2019est qu\u2019il semblerait qu\u2019il y ait un m\u00e9dicament, une mol\u00e9cule, qui pourrait aider. je ne sais juste pas si je parviendrai \u00e0 finir par voir le m\u00e9decin qui pourrait me diagnostiquer et avec qui tester donc ce m\u00e9dicament, ritaline ou lsd ou. il parait que si tu es vraiment tdah, \u00e7a marche. sinon, \u00e7a marche pas.<\/p>\n<p>imagine.<\/p>\n<p>enfin, je n\u2019y crois qu\u2019\u00e0 moiti\u00e9. \u2014<\/p>\n<p>fondamentalement je pense que la dispersion dont je souffre,<br \/>\nbeaucoup,<br \/>\nl\u2019incapacit\u00e9 \u00e0 me fixer dans une activit\u00e9, une recherche, un fil d\u2019id\u00e9es men\u00e9 \u00e0 son terme<br \/>\nme para\u00eet d\u2019abord li\u00e9e \u00e0<br \/>\nl\u2019apparition, l\u2019influence d\u2019internet<\/p>\n<p>je lisais beaucoup, je lis toujours autant,<br \/>\nmais sur internet<\/p>\n<p>mon monde tenait par l\u2019unit\u00e9 du livre et de quelques penseurs. aujourd\u2019hui, tout s\u2019est diffract\u00e9, je ne lis plus que des titres.<\/p>\n<p>puis, d\u2019ailleurs, non, ma perte n\u2019est pas seulement li\u00e9e \u00e0 internet. elle l\u2019est aussi \u00e0 la foi perdue en la psychanalyse. la grande d\u00e9sillusion. la foi en la psychanalyse, en Lacan et son \u00e9cole, me centrait. depuis, je ne cesse plus de me disperser. j\u2019ai connu une conversion de saint paul \u00e0 l\u2019envers : renvers\u00e9e, terrass\u00e9e, par la perte de foi. je ne trouve plus ce qui pourrait me rassembler, agir comme colle, liant, glu.<\/p>\n<p>depuis mon identification \u00e0 un cas : je tendais \u00e0 l\u2019identification \u00e0 l\u2019analyste. cette identification, et avec elle toutes les autres, s\u2019est vue passer \u00e0 l\u2019acide, s\u2019est d\u00e9sint\u00e9gr\u00e9e. (aujourd\u2019hui, je perds les derniers oripeaux du cas. comment faire?)<\/p>\n<p>et t\u2019\u00e9cris pour te dire : ta concentration, pr\u00e9serve la comme ton bien le plus pr\u00e9cieux.<\/p>\n<p>* Ce que je ne crois plus moi-m\u00eame. Titi (et son extraordinaire intuition, vision)\u00a0 disait cyclothymique ; elle \u00e9tait plus proche du vrai, dysthymique \u00e9tant probablement encore plus juste, tant il est peu vrai que je connaisse jamais \u2014 ou si peu \u2014 d\u2019\u00e9pisode hypomaniaque.<\/p>\n<p>** c&rsquo;est ce qu\u2019en d\u00e9crit <span class=\"hover:entity-accent entity-underline inline cursor-pointer align-baseline\"><span class=\"whitespace-normal\">Emmanuel Carr\u00e8re<\/span><\/span> dans <em><span class=\"hover:entity-accent entity-underline inline cursor-pointer align-baseline\"><span class=\"whitespace-normal\">Yoga<\/span><\/span><\/em> qui m\u2019a fait comprendre dans quoi j\u2019\u00e9tais. \u00a0une psychiatre ensuite m\u2019a prescrit un m\u00e9dicament pour une bipolarit\u00e9 de type 1 que je n\u2019ai pas pris. Je suis certaine d&rsquo;avoir eu raison.\u00a0<br data-start=\"499\" data-end=\"502\" \/>Mais j\u2019\u00e9tais sur la voie d&rsquo;un diagnostic tout \u00e0 fait autre de ce dans quoi j&rsquo;\u00e9tais jusque l\u00e0.<br data-start=\"560\" data-end=\"563\" \/>La tachypsychie, j\u2019ai toujours plus ou moins affaire \u00e0 \u00e7a. \u00e7a peut \u00eatre positif, produire. mais le plus souvent, \u00e7a s&#8217;emballe, les id\u00e9es se succ\u00e8dent trop rapidement, \u00e7a se d\u00e9grade, jusqu&rsquo;\u00e0 ce que je n&rsquo;arrive m\u00eame plus \u00e0 penser, \u00e0 penser une phrase jusqu&rsquo;ua bout, c&rsquo;est alors tr\u00e8s d\u00e9sagr\u00e9able. et il y a alors les \u00e9pisodes plus affreux encore o\u00f9 la pens\u00e9e est totalement ralentie, o\u00f9 m\u00eame un simple mot n&rsquo;est plus prononc\u00e9 jusqu&rsquo;au bout.<\/p>\n","protected":false},"excerpt":{"rendered":"<p>une amie \u00e0 moi qui est bipolaire s\u2019inqui\u00e9tait pour moi \u00e0 la lecture d\u2019un de mes textes o\u00f9 elle avait sans doute reconnu l\u2019un ou l\u2019autre de ses sympt\u00f4mes et me disais : tu es bipolaire* et en en parlant ce matin \u00e0 fr\u00e9d\u00e9ric, il m\u2019apparaissait plus clairement combien certains sympt\u00f4mes, comme celui de la&hellip; <a class=\"more-link\" href=\"https:\/\/www.disparates.org\/iota\/2026\/04\/et-et-tecris-pour-te-dire-ta-concentration-preserve-la-comme-ton-bien-le-plus-precieux-non-envoye\/\">Poursuivre la lecture <span class=\"screen-reader-text\">et t\u2019\u00e9cris pour te dire : ta concentration, pr\u00e9serve la comme ton bien le plus pr\u00e9cieux (non-envoy\u00e9)<\/span><\/a><\/p>\n","protected":false},"author":12,"featured_media":0,"comment_status":"open","ping_status":"open","sticky":false,"template":"","format":"standard","meta":{"_acf_changed":false,"_jetpack_memberships_contains_paid_content":false,"footnotes":""},"categories":[1],"tags":[2146,2362,2551,2166,2552,2553,745,488,1659,2550,2247,2549,2554],"class_list":["post-27501","post","type-post","status-publish","format-standard","hentry","category-non-classe","tag-bipolarite","tag-cas","tag-cyclothymie","tag-dun-cas-de-melancolie-menagere","tag-dysthymie","tag-hypomanie","tag-k","tag-livre","tag-psychanalyse","tag-saint-jean","tag-tachypsychie","tag-tdah","tag-un-cas","entry"],"acf":[],"jetpack_featured_media_url":"","jetpack_sharing_enabled":true,"_links":{"self":[{"href":"https:\/\/www.disparates.org\/iota\/wp-json\/wp\/v2\/posts\/27501","targetHints":{"allow":["GET"]}}],"collection":[{"href":"https:\/\/www.disparates.org\/iota\/wp-json\/wp\/v2\/posts"}],"about":[{"href":"https:\/\/www.disparates.org\/iota\/wp-json\/wp\/v2\/types\/post"}],"author":[{"embeddable":true,"href":"https:\/\/www.disparates.org\/iota\/wp-json\/wp\/v2\/users\/12"}],"replies":[{"embeddable":true,"href":"https:\/\/www.disparates.org\/iota\/wp-json\/wp\/v2\/comments?post=27501"}],"version-history":[{"count":4,"href":"https:\/\/www.disparates.org\/iota\/wp-json\/wp\/v2\/posts\/27501\/revisions"}],"predecessor-version":[{"id":27505,"href":"https:\/\/www.disparates.org\/iota\/wp-json\/wp\/v2\/posts\/27501\/revisions\/27505"}],"wp:attachment":[{"href":"https:\/\/www.disparates.org\/iota\/wp-json\/wp\/v2\/media?parent=27501"}],"wp:term":[{"taxonomy":"category","embeddable":true,"href":"https:\/\/www.disparates.org\/iota\/wp-json\/wp\/v2\/categories?post=27501"},{"taxonomy":"post_tag","embeddable":true,"href":"https:\/\/www.disparates.org\/iota\/wp-json\/wp\/v2\/tags?post=27501"}],"curies":[{"name":"wp","href":"https:\/\/api.w.org\/{rel}","templated":true}]}}