{"id":336,"date":"2006-03-05T20:48:13","date_gmt":"2006-03-05T19:48:13","guid":{"rendered":"http:\/\/historyze.org\/disparates\/2006-03-05\/des-noms-et-des-noms-propres\/"},"modified":"2024-03-28T15:47:46","modified_gmt":"2024-03-28T14:47:46","slug":"des-noms-et-des-noms-propres","status":"publish","type":"post","link":"https:\/\/www.disparates.org\/iota\/2006\/03\/des-noms-et-des-noms-propres\/","title":{"rendered":"Th\u00e9orie du nom juif par Jean-Claude Milner"},"content":{"rendered":"<p>Extraits :<\/p>\n<p>\u00a0\u00bb C&rsquo;est que les noms m&rsquo;importent. Ils m&rsquo;importent en particulier \u00e0 propos des Juifs. A la diff\u00e9rence de millions de gens sur la surface de la Terre, je ne crois pas que les Juifs soient une race; je ne crois m\u00eame pas que par des voies culturelles, ils aient acquis des caract\u00e8res qui les feraient se ressembler entre eux (au sens o\u00f9 nous disons, en conversation, que les Fran\u00e7ais sont ceci, les Allemands sont cela, etc). <strong>Les Juifs, c\u2019est un nom.<\/strong><\/p>\n<p>Catherine Kintzler\u00a0[voir l&rsquo;<a>article dans une fen\u00eatre \u00ab\u00a0popup\u00a0\u00bb<\/a>] fait l&rsquo;\u00e9loge de la R\u00e9volution Fran\u00e7aise et de la R\u00e9publique. Je m&rsquo;y associe. Mais l&rsquo;\u00e9loge, sous ma plume, serait intrins\u00e8quement reli\u00e9 \u00e0 la question des noms. <strong>L&rsquo;axiome des R\u00e9volutionnaires, je l&rsquo;exprimerais ainsi : \u00ab\u00a0le pouvoir de d\u00e9cision ne d\u00e9pend pas du nom qu&rsquo;on porte\u00a0\u00bb.<\/strong> Ainsi se trouvent \u00e9cart\u00e9s d&#8217;embl\u00e9e (qu&rsquo;il ait fallu du temps pour la mise en \u0153uvre, c&rsquo;est autre chose) le principe dynastique, les privil\u00e8ges attach\u00e9s aux titres de noblesse, les particularit\u00e9s climatiques attach\u00e9es aux noms r\u00e9gionaux, les pouvoirs des minorit\u00e9s etc. <strong>La forme positive de la mise hors-jeu du nom, c&rsquo;est la Loi<\/strong> (en cela Rousseau importa plus que Montesquieu); <strong>la forme mat\u00e9rielle de la d\u00e9cision d\u00e9tach\u00e9e du nom, c&rsquo;est le vote secret et anonyme.<\/strong> Ainsi, les Juifs et les protestants pouvaient-ils voter au m\u00eame titre que les catholiques (je rappelle que les discriminations li\u00e9es aux appartenances confessionnelles ont dur\u00e9 tr\u00e8s tard en Europe, y compris en Grande-Bretagne). Je passe sur les d\u00e9tails : on mesure le degr\u00e9 d&rsquo;accomplissement mat\u00e9riel d&rsquo;un tel mod\u00e8le politique en r\u00e9pondant \u00e0 la question tr\u00e8s pragmatique : de quoi le vote d\u00e9cide-t-il ou ne d\u00e9cide-t-il pas ? La R\u00e9publique, telle qu&rsquo;elle est entendue, depuis la Premi\u00e8re jusqu&rsquo;\u00e0 la Cinqui\u00e8me, c&rsquo;est que le vote y d\u00e9cide de tout. Je dis bien le vote, et non le sondage.<br \/>\n[&#8230;]<br \/>\nSoit donc la proposition : <strong>le propre de la politique issue de la R\u00e9volution fran\u00e7aise, c&rsquo;est de ne pas poser la question des noms.<\/strong> Certains en concluent que la question des noms ne doit pas \u00eatre pos\u00e9e. C&rsquo;est ne rien comprendre \u00e0 la politique, telle que la R\u00e9volution fran\u00e7aise la d\u00e9termine. La politique n&rsquo;est pas l\u00e0 un illimit\u00e9, mais un limit\u00e9. Comprendre la R\u00e9volution fran\u00e7aise et comprendre la R\u00e9publique qui en pousse les cons\u00e9quences \u00e0 leur point d&rsquo;aboutissement, conduit \u00e0 conclure : la question des noms peut se poser librement. J&rsquo;use de cette libert\u00e9. J&rsquo;en use \u00e0 propos du nom de Juif, parce qu&rsquo;il concentre sur lui un n\u0153ud de difficult\u00e9s. J&rsquo;en use, sans m&rsquo;interdire de recourir ni \u00e0 mon savoir de linguiste ni aux r\u00e9flexions que j&rsquo;ai men\u00e9es \u00e0 partir de Lacan ni \u00e0 ce que j&rsquo;ai pu apprendre des philosophes et des historiens.<br \/>\n[&#8230;]<\/p>\n<p><strong>le nom de Juif est d\u2019abord un nom prof\u00e9r\u00e9 en premi\u00e8re personne;<\/strong><br \/>\n[&#8230;]<br \/>\n<strong>La plupart des noms d&rsquo;une langue sont des noms de 3e personne.<\/strong> Ils se reconnaissent \u00e0 ceci qu&rsquo;ils peuvent s&#8217;employer de mani\u00e8re pr\u00e9dicative, dans la mesure exacte o\u00f9 ils s&rsquo;analysent comme un paquet de pr\u00e9dicats. En revanche, insulter quelqu&rsquo;un, le traiter de salaud, ce n&rsquo;est pas lui attribuer un pr\u00e9dicat, ce n&rsquo;est m\u00eame pas le faire entrer dans une classe : les salauds sont ceux qu&rsquo;on traite de salauds (o\u00f9 l&rsquo;on retrouve Sartre); la circularit\u00e9 est ici structurante. La phrase apparemment pr\u00e9dicative \u00ab\u00a0Untel est un salaud\u00a0\u00bbn&rsquo;est pas vraiment pr\u00e9dicative; elle est la transposition en 3e personne d&rsquo;une insulte de 2e personne. Quant \u00e0 l&rsquo;aveu \u00ab\u00a0Je suis un salaud\u00a0\u00bb, il int\u00e9riorise une insulte, qu&rsquo;elle ait \u00e9t\u00e9 prof\u00e9r\u00e9e ou pas.<br \/>\n<strong>En tant que Juif est un nom de personne, les Juifs sont ceux qui disent d&rsquo;eux-m\u00eames \u00ab\u00a0je suis Juif\u00a0\u00bb.<\/strong> Mais ce propos, l\u00e0 encore, n&rsquo;est qu&rsquo;apparemment pr\u00e9dicatif. Le pseudo-pr\u00e9dicat est une r\u00e9it\u00e9ration du sujet. C&rsquo;est une mani\u00e8re de dire \u00ab\u00a0je\u00a0\u00bb. On est plus pr\u00e8s de la proclamation performative, au sens de Benveniste, que du jugement d&rsquo;attribution. L&rsquo;insulte de 2e personne, \u00ab\u00a0sale Juif\u00a0\u00bb, vient en second temps; c&rsquo;est de fait une convocation requ\u00e9rant le sujet de dire de lui-m\u00eame \u00ab\u00a0je suis Juif\u00a0\u00bb, mais non pas sur le mode de la proclamation performative; bien plut\u00f4t sur le mode de l&rsquo;aveu. La phrase de 3e personne \u00ab\u00a0Untel est Juif\u00a0\u00bb est transposition d&rsquo;un \u00e9nonc\u00e9 de 1e personne ou de 2e personne, suivant les circonstances.<br \/>\n[&#8230;]<br \/>\n<strong>Si profond\u00e9ment que je m&rsquo;inscrive en 1e personne dans mon nom propre, ce nom m&rsquo;a \u00e9t\u00e9 donn\u00e9.<\/strong><\/p>\n<p>[&#8230;]<\/p>\n<p>En revanche, le nom juif a pour\u00a0seul\u00a0support mat\u00e9riel indispensable de sa persistance la persistance de l&rsquo;\u00e9tude juive. Si cela lui \u00e9tait retir\u00e9 (ce qui est objectivement possible; les t\u00e9moins pensent que l&rsquo;interruption a manqu\u00e9 de se produire apr\u00e8s la Seconde guerre), l&rsquo;effacement aurait lieu, m\u00eame si l&rsquo;\u00e9tat d&rsquo;Isra\u00ebl par ailleurs continuait, dans des fronti\u00e8res s\u00fbres et reconnues. Car enfin, Juifs et Isra\u00e9liens, ce n&rsquo;est pas le m\u00eame nom. Quand un vieillard meurt en Afrique, une biblioth\u00e8que dispara\u00eet, dit-on; pour le nom de Juif, la proposition se renverse; si l&rsquo;\u00e9tude pharisienne devait prendre fin, alors on pourrait dire des Juifs du monde comme Spinoza, des Juifs d&rsquo;Espagne : \u201cpeu de temps apr\u00e8s, rien d\u2019eux ne subsistait, non pas m\u00eame le souvenir\u201d<\/p>\n<p>\u00ab\u00a0<\/p>\n<p><a href=\"http:\/\/www.mezetulle.net\/article-1792627.html\">R\u00e9flexions sur une lecture. Seconde partie Th\u00e9orie du nom juif par Jean-Claude Milner<\/a><\/p>\n","protected":false},"excerpt":{"rendered":"<p>Extraits : \u00a0\u00bb C&rsquo;est que les noms m&rsquo;importent. Ils m&rsquo;importent en particulier \u00e0 propos des Juifs. A la diff\u00e9rence de millions de gens sur la surface de la Terre, je ne crois pas que les Juifs soient une race; je ne crois m\u00eame pas que par des voies culturelles, ils aient acquis des caract\u00e8res qui&hellip; <a class=\"more-link\" href=\"https:\/\/www.disparates.org\/iota\/2006\/03\/des-noms-et-des-noms-propres\/\">Poursuivre la lecture <span class=\"screen-reader-text\">Th\u00e9orie du nom juif par Jean-Claude Milner<\/span><\/a><\/p>\n","protected":false},"author":11,"featured_media":0,"comment_status":"closed","ping_status":"closed","sticky":false,"template":"","format":"standard","meta":{"_acf_changed":false,"_jetpack_memberships_contains_paid_content":false,"footnotes":""},"categories":[1063],"tags":[1796,1795,2384,1143,1797],"class_list":["post-336","post","type-post","status-publish","format-standard","hentry","category-copiecolle","tag-jean-claude-milner","tag-juif","tag-nimporte-qui","tag-politique","tag-revolution-francaise","entry"],"acf":[],"jetpack_featured_media_url":"","jetpack_sharing_enabled":true,"_links":{"self":[{"href":"https:\/\/www.disparates.org\/iota\/wp-json\/wp\/v2\/posts\/336","targetHints":{"allow":["GET"]}}],"collection":[{"href":"https:\/\/www.disparates.org\/iota\/wp-json\/wp\/v2\/posts"}],"about":[{"href":"https:\/\/www.disparates.org\/iota\/wp-json\/wp\/v2\/types\/post"}],"author":[{"embeddable":true,"href":"https:\/\/www.disparates.org\/iota\/wp-json\/wp\/v2\/users\/11"}],"replies":[{"embeddable":true,"href":"https:\/\/www.disparates.org\/iota\/wp-json\/wp\/v2\/comments?post=336"}],"version-history":[{"count":0,"href":"https:\/\/www.disparates.org\/iota\/wp-json\/wp\/v2\/posts\/336\/revisions"}],"wp:attachment":[{"href":"https:\/\/www.disparates.org\/iota\/wp-json\/wp\/v2\/media?parent=336"}],"wp:term":[{"taxonomy":"category","embeddable":true,"href":"https:\/\/www.disparates.org\/iota\/wp-json\/wp\/v2\/categories?post=336"},{"taxonomy":"post_tag","embeddable":true,"href":"https:\/\/www.disparates.org\/iota\/wp-json\/wp\/v2\/tags?post=336"}],"curies":[{"name":"wp","href":"https:\/\/api.w.org\/{rel}","templated":true}]}}