{"id":392,"date":"2006-04-18T18:38:53","date_gmt":"2006-04-18T17:38:53","guid":{"rendered":"http:\/\/historyze.org\/disparates\/?p=392"},"modified":"2013-06-17T18:11:51","modified_gmt":"2013-06-17T16:11:51","slug":"opinion-double-culture","status":"publish","type":"post","link":"https:\/\/www.disparates.org\/iota\/2006\/04\/opinion-double-culture\/","title":{"rendered":"opinion-double, culture (I) &#8211; manque de culture \u00e0 partager"},"content":{"rendered":"<p>je n&rsquo;avais pas ce matin le courage de me remettre au boulot \/ alors plut\u00f4t j&rsquo;ai nettoy\u00e9 sans cesse jusqu&rsquo;\u00e0 maintenant \/<\/p>\n<p>hier, j&rsquo;ai re\u00e7u un tr\u00e8s beau bureau \/ si je dis \u00ab\u00a0re\u00e7u\u00a0\u00bb, c&rsquo;est que je ne me le serais jamais achet\u00e9 \/ <em>il le faut, \u00e7a, que je re\u00e7oive<\/em> \/ il sera pay\u00e9 avec l&rsquo;argent que je gagne \u00e0 (trop) travailler \/ <em>remarquez, de sans gain (caract\u00e8re) je passe au gai gain <\/em> \/ oh le sourire quand je l&rsquo;ai d\u00e9couvert, comment j&rsquo;ai \u00e9t\u00e9 contente \/ exactement ce dont, je n&rsquo;aurais pas os\u00e9 r\u00eaver \/ et comme il est grand \/ joli \/ astucieux, avec tous ses petits tiroirs, ses pochettes<\/p>\n<p>\/ <strong>TOI <\/strong>\/ tu n&rsquo;aimes pas arte tu ne lis pas les textes d&rsquo;explication dans les mus\u00e9es moi non plus ton p\u00e8re dit que tu fais des petits mickeys il le dit de ta fille aussi. ton \u0153uvre, <a href=\"http:\/\/pleine-peau.com\/vignettes\/\">tes vignettes<\/a>, ont \u00e9t\u00e9 s\u00e9lectionn\u00e9es \u00e0 <a href=\"https:\/\/disparates.org\/format-standard\/2006-03-29\/isea2006zeroone-san-jose\/\">ce festival<\/a> et ton blog est de ROCK \/ <strong>TOI <\/strong>\/<\/p>\n<p>nous n&rsquo;avons pas toi et moi les m\u00eames d\u00e9finitions de la culture \/ je pense le plus souvent \u00e0 celle qui fait dire, par exemple, d&rsquo;un tel : \u00ab\u00a0il a une immense culture\u00a0\u00bb, et qui me fait penser que cette culture-l\u00e0, je ne l&rsquo;aurai jamais, cette culture qui ne me manque plus* \/\/ <em>manque de culture \u00e0 partager<\/em> \/\/ cependant que restent ceux qui n\u2019en manquent pas \/ je pense \u00e0 arasse, daniel, que j&rsquo;entendais l&rsquo;autre jour \u00e0 la radio, comment je l&rsquo;aime \/ dont le mode de savoir, comme on dirait mode de jouissance, ne sera simplement jamais le mien \/ \/ et je cherche ici o\u00f9 nous nous rejoignons toi et moi par rapport \u00e0 cette culture, au sens o\u00f9 je l&rsquo;entends, un sens assez restreint** \/ le sentiment de ce qu&rsquo;elle a <strong>d&rsquo;opprimant \/ non?<\/strong> &#8211; qui me fait repenser \u00e0 cette phrase : \u00ab\u00a0<a href=\"http:\/\/www.google.fr\/search?hl=fr&amp;q=quand+j%E2%80%99entends+le+mot+Kultur+je+sors+mon+revolver&amp;btnG=Recherche+Google&amp;meta=\">quand j&rsquo;entends le mot Kultur je sors mon revolver<\/a>\u00a0\u00bb \/ opprimante en tant que ceux-l\u00e0 qui la poss\u00e8dent, la poss\u00e8dent au titre m\u00eame qu&rsquo;ils appartiennent \u00e0 la classe dominante \/ et je me souviens de ce qu&rsquo;il me semble a pu dire jacques-alain miller : que le discours est avant tout un instrument de pouvoir, de puissance \/ bon, retrouver la r\u00e9f\u00e9rence*** \/ maintenant, jules pleure.<\/p>\n<p>* culture dont le manque ne me peine plus, que je cherche \u00e0 mettre en lumi\u00e8re, dont je voudrais faire la promotion<\/p>\n<p>** il m&rsquo;est arriv\u00e9 de la d\u00e9finir plus largement, comme prenant son d\u00e9part du moindre fait de discours &#8211; \u00e0 la base.<\/p>\n<p>*** pas retrouv\u00e9e aussi vite que je ne l&rsquo;esp\u00e9rais, la r\u00e9f\u00e9rence, citation exacte. pensais que \u00e7a se trouverait dans num\u00e9ro de la Cause freudienne sur l&rsquo;Angoisse, mais.<\/p>\n","protected":false},"excerpt":{"rendered":"<p>je n&rsquo;avais pas ce matin le courage de me remettre au boulot \/ alors plut\u00f4t j&rsquo;ai nettoy\u00e9 sans cesse jusqu&rsquo;\u00e0 maintenant \/ hier, j&rsquo;ai re\u00e7u un tr\u00e8s beau bureau \/ si je dis \u00ab\u00a0re\u00e7u\u00a0\u00bb, c&rsquo;est que je ne me le serais jamais achet\u00e9 \/ il le faut, \u00e7a, que je re\u00e7oive \/ il sera pay\u00e9&hellip; <a class=\"more-link\" href=\"https:\/\/www.disparates.org\/iota\/2006\/04\/opinion-double-culture\/\">Poursuivre la lecture <span class=\"screen-reader-text\">opinion-double, culture (I) &#8211; manque de culture \u00e0 partager<\/span><\/a><\/p>\n","protected":false},"author":11,"featured_media":0,"comment_status":"closed","ping_status":"closed","sticky":false,"template":"","format":"standard","meta":{"_acf_changed":false,"_jetpack_memberships_contains_paid_content":false,"footnotes":""},"categories":[1,1073],"tags":[881,1383,1087,1384,1309],"class_list":["post-392","post","type-post","status-publish","format-standard","hentry","category-non-classe","category-preliminaires","tag-culture","tag-f-amour","tag-lui","tag-recevoir","tag-savoir","entry"],"acf":[],"jetpack_featured_media_url":"","jetpack_sharing_enabled":true,"_links":{"self":[{"href":"https:\/\/www.disparates.org\/iota\/wp-json\/wp\/v2\/posts\/392","targetHints":{"allow":["GET"]}}],"collection":[{"href":"https:\/\/www.disparates.org\/iota\/wp-json\/wp\/v2\/posts"}],"about":[{"href":"https:\/\/www.disparates.org\/iota\/wp-json\/wp\/v2\/types\/post"}],"author":[{"embeddable":true,"href":"https:\/\/www.disparates.org\/iota\/wp-json\/wp\/v2\/users\/11"}],"replies":[{"embeddable":true,"href":"https:\/\/www.disparates.org\/iota\/wp-json\/wp\/v2\/comments?post=392"}],"version-history":[{"count":0,"href":"https:\/\/www.disparates.org\/iota\/wp-json\/wp\/v2\/posts\/392\/revisions"}],"wp:attachment":[{"href":"https:\/\/www.disparates.org\/iota\/wp-json\/wp\/v2\/media?parent=392"}],"wp:term":[{"taxonomy":"category","embeddable":true,"href":"https:\/\/www.disparates.org\/iota\/wp-json\/wp\/v2\/categories?post=392"},{"taxonomy":"post_tag","embeddable":true,"href":"https:\/\/www.disparates.org\/iota\/wp-json\/wp\/v2\/tags?post=392"}],"curies":[{"name":"wp","href":"https:\/\/api.w.org\/{rel}","templated":true}]}}