{"id":6719,"date":"2011-02-20T10:32:25","date_gmt":"2011-02-20T09:32:25","guid":{"rendered":"https:\/\/www.disparates.org\/iota\/?p=6719"},"modified":"2025-01-10T12:16:52","modified_gmt":"2025-01-10T11:16:52","slug":"reve-du-19-au-20-fevrier-2011-mere-moyen-age","status":"publish","type":"post","link":"https:\/\/www.disparates.org\/iota\/2011\/02\/reve-du-19-au-20-fevrier-2011-mere-moyen-age\/","title":{"rendered":"r\u00eave : un treillis sur la mer"},"content":{"rendered":"<p>r\u00eave du 19 au 20 f\u00e9vrier 2011<\/p>\n<p><strong><a href=\"https:\/\/i0.wp.com\/www.disparates.org\/iota\/wp-content\/uploads\/munch_TheScream_big.jpg?ssl=1\"><img data-recalc-dims=\"1\" decoding=\"async\" data-attachment-id=\"6801\" data-permalink=\"https:\/\/www.disparates.org\/iota\/2011\/02\/reve-du-19-au-20-fevrier-2011-mere-moyen-age\/munch_thescream_big\/\" data-orig-file=\"https:\/\/i0.wp.com\/www.disparates.org\/iota\/wp-content\/uploads\/munch_TheScream_big.jpg?fit=813%2C1036&amp;ssl=1\" data-orig-size=\"813,1036\" data-comments-opened=\"1\" data-image-meta=\"{&quot;aperture&quot;:&quot;0&quot;,&quot;credit&quot;:&quot;&quot;,&quot;camera&quot;:&quot;&quot;,&quot;caption&quot;:&quot;&quot;,&quot;created_timestamp&quot;:&quot;0&quot;,&quot;copyright&quot;:&quot;&quot;,&quot;focal_length&quot;:&quot;0&quot;,&quot;iso&quot;:&quot;0&quot;,&quot;shutter_speed&quot;:&quot;0&quot;,&quot;title&quot;:&quot;&quot;}\" data-image-title=\"Munch &amp;#8211; Le cri\" data-image-description=\"\" data-image-caption=\"\" data-medium-file=\"https:\/\/i0.wp.com\/www.disparates.org\/iota\/wp-content\/uploads\/munch_TheScream_big.jpg?fit=353%2C450&amp;ssl=1\" data-large-file=\"https:\/\/i0.wp.com\/www.disparates.org\/iota\/wp-content\/uploads\/munch_TheScream_big.jpg?fit=803%2C1024&amp;ssl=1\" class=\"alignright size-medium wp-image-6801\" style=\"margin-left: 15px;\" title=\"munch The Scream\" src=\"https:\/\/i0.wp.com\/www.disparates.org\/iota\/wp-content\/uploads\/munch_TheScream_big.jpg?resize=353%2C450&#038;ssl=1\" alt=\"\" width=\"353\" height=\"450\" srcset=\"https:\/\/i0.wp.com\/www.disparates.org\/iota\/wp-content\/uploads\/munch_TheScream_big.jpg?resize=353%2C450&amp;ssl=1 353w, https:\/\/i0.wp.com\/www.disparates.org\/iota\/wp-content\/uploads\/munch_TheScream_big.jpg?resize=117%2C150&amp;ssl=1 117w, https:\/\/i0.wp.com\/www.disparates.org\/iota\/wp-content\/uploads\/munch_TheScream_big.jpg?resize=803%2C1024&amp;ssl=1 803w, https:\/\/i0.wp.com\/www.disparates.org\/iota\/wp-content\/uploads\/munch_TheScream_big.jpg?w=813&amp;ssl=1 813w\" sizes=\"(max-width: 353px) 100vw, 353px\" \/><\/a>avec ma m\u00e8re. devons longer la mer, pour <\/strong><strong>parvenir quelque part au-del\u00e0. <\/strong>mais la longer directement n&rsquo;est pas possible, trop d&rsquo;eau, de grandes flaques d&rsquo;eau (les \u00ab\u00a0<em>petites mers<\/em>\u00a0\u00bb disait ma tante) laiss\u00e9es par la mer quand elle a recul\u00e9, qui contiennent toutes sortes de <em>petits objets de natures <\/em>diverses et ind\u00e9termin\u00e9es.\u00a0 il n&rsquo;y a pas vraiment de plage, de sable, on se mouillerait.<\/p>\n<p>devons longer maisons,<strong> faire un d\u00e9tour par la rue<\/strong>.\u00a0 sur la droite &#8211; alors que la mer est \u00e0 gauche. la rue monte. devons, moi en premier, m\u00e8re suit, passer sur des <strong>passerelles instables<\/strong>, faites de bric et de broc,\u00a0 <strong>de vieilles portes<\/strong>, <strong>de vieux morceaux de bois,<\/strong> pos\u00e9s sur des cordes, en d\u00e9sordre\u00a0 les uns sur les autres, sans assemblage. c&rsquo;est vraiment tr\u00e8s pr\u00e9caire. \u00e0 un moment donn\u00e9,\u00a0 la passerelle s&rsquo;ouvre sous nous, nous laissant<strong> suspendues au-dessus du vide<\/strong>, tenons \u00e0 peine \u00e0 l&rsquo;une ou l&rsquo;autre encoignure dans le mur. <strong>une fen\u00eatre s&rsquo;ouvre,<\/strong> je supplie les gens qui sont l\u00e0 de nous aider, de nous permettre de passer par leur fen\u00eatre.\u00a0 ils referment leurs volets. <span style=\"font-size: 18pt;\">sommes au moyen \u00e2ge. <\/span>je crie encore. je crie l&rsquo;\u00e2ge de ma m\u00e8re,\u00a0 je dis <span style=\"font-size: x-large;\">\u00ab\u00a0<strong>je suis avec ma m\u00e8re de 80 ans, moi-m\u00eame j&rsquo;ai plus de quarante ans<\/strong>\u00ab\u00a0.<\/span> ils finissent par nous ouvrir, nous laisser entrer. nous continuons notre chemin. il est toujours aussi difficile,\u00a0 aussi dangereux.<\/p>\n<p>apr\u00e8s catastrophe sur catastrophe dans une maison.<\/p>\n<p>suis dans salle de bain. sens de l&rsquo;eau tomber du plafond, de +\u00a0 en+ . pense que \u00e7a se passe quand on utilise de l&rsquo;eau dans la cuisine qui y est juste \u00e0 c\u00f4t\u00e9.\u00a0 vais dans la cuisine, ouvre l&rsquo;eau, bruit \u00e9norme dans salle de bain,\u00a0 au plafond. j&rsquo;y fonce elle est compl\u00e8tement inond\u00e9e. plafond probablement pr\u00eat \u00e0 s&rsquo;effondrer. cette <strong>inondation <\/strong>se propage. il est question du loyer que\u00a0 nous payons <span style=\"font-size: 18pt;\"><strong>et de qui aura \u00e0 payer les frais<\/strong><\/span>. sommes, je crois, en france, mais fait penser \u00e0 sous-sol de la rue waelhem. en tous cas <strong>sdb et cuisine<\/strong> sont en sous-sol. ne sais pas avec qui j&rsquo;habite. il y a de la famille, mais aussi de la famille d&rsquo;aujourd&rsquo;hui. je pense que c&rsquo;est <strong>Fr\u00e9d\u00e9ric qui a la bonne id\u00e9e d&rsquo;appeler les pompiers<\/strong>.<strong> id\u00e9e que je n&rsquo;aurais moi-m\u00eame jamais eue<\/strong>, comme j&rsquo;en \u00e9tais d\u00e9j\u00e0 \u00e0 envisager, effray\u00e9e, les <strong>travaux<\/strong> de r\u00e9paration qu&rsquo;il y aurait \u00e0 faire, peut-\u00eatre impossibles. mais, \u00e0 qui que ce soit qu&rsquo;il incombe de faire les travaux, eux seront \u00e0 m\u00eame de juger de la situation. de situer les causes, voire m\u00eame de faire quelque chose.\u00a0 je pense que d\u00e9cid\u00e9ment, f. a eu une tr\u00e8s bonne id\u00e9e.<\/p>\n<p><a href=\"https:\/\/i0.wp.com\/www.disparates.org\/iota\/wp-content\/uploads\/jeep_pass_side.jpg?ssl=1\"><img data-recalc-dims=\"1\" decoding=\"async\" data-attachment-id=\"6727\" data-permalink=\"https:\/\/www.disparates.org\/iota\/2011\/02\/reve-du-19-au-20-fevrier-2011-mere-moyen-age\/jeep_pass_side\/\" data-orig-file=\"https:\/\/i0.wp.com\/www.disparates.org\/iota\/wp-content\/uploads\/jeep_pass_side.jpg?fit=500%2C283&amp;ssl=1\" data-orig-size=\"500,283\" data-comments-opened=\"1\" data-image-meta=\"{&quot;aperture&quot;:&quot;0&quot;,&quot;credit&quot;:&quot;&quot;,&quot;camera&quot;:&quot;&quot;,&quot;caption&quot;:&quot;&quot;,&quot;created_timestamp&quot;:&quot;0&quot;,&quot;copyright&quot;:&quot;&quot;,&quot;focal_length&quot;:&quot;0&quot;,&quot;iso&quot;:&quot;0&quot;,&quot;shutter_speed&quot;:&quot;0&quot;,&quot;title&quot;:&quot;&quot;}\" data-image-title=\"la jeep\" data-image-description=\"\" data-image-caption=\"\" data-medium-file=\"https:\/\/i0.wp.com\/www.disparates.org\/iota\/wp-content\/uploads\/jeep_pass_side.jpg?fit=418%2C236&amp;ssl=1\" data-large-file=\"https:\/\/i0.wp.com\/www.disparates.org\/iota\/wp-content\/uploads\/jeep_pass_side.jpg?fit=500%2C283&amp;ssl=1\" class=\"size-medium wp-image-6727 alignright\" style=\"margin-top: 10px; margin-bottom: 10px;\" title=\"jeep_pass_side\" src=\"https:\/\/i0.wp.com\/www.disparates.org\/iota\/wp-content\/uploads\/jeep_pass_side.jpg?resize=350%2C198&#038;ssl=1\" alt=\"\" width=\"350\" height=\"198\" \/><\/a><\/p>\n<p style=\"clear: both;\"><strong>ensuite, les pompiers arrivent.<\/strong> ils sont habill\u00e9s en<strong> treillis tricolores<\/strong>, en tenue de <strong>combat<\/strong>. je les vois arriver de loin.<\/p>\n<p>&nbsp;<\/p>\n<figure id=\"attachment_6800\" aria-describedby=\"caption-attachment-6800\" style=\"width: 337px\" class=\"wp-caption alignleft\"><a href=\"https:\/\/i0.wp.com\/www.disparates.org\/iota\/wp-content\/uploads\/Photo0706.jpg?ssl=1\"><img data-recalc-dims=\"1\" decoding=\"async\" data-attachment-id=\"6800\" data-permalink=\"https:\/\/www.disparates.org\/iota\/2011\/02\/reve-du-19-au-20-fevrier-2011-mere-moyen-age\/photo0706\/\" data-orig-file=\"https:\/\/i0.wp.com\/www.disparates.org\/iota\/wp-content\/uploads\/Photo0706.jpg?fit=1200%2C1600&amp;ssl=1\" data-orig-size=\"1200,1600\" data-comments-opened=\"1\" data-image-meta=\"{&quot;aperture&quot;:&quot;2.6&quot;,&quot;credit&quot;:&quot;&quot;,&quot;camera&quot;:&quot;M8800&quot;,&quot;caption&quot;:&quot;&quot;,&quot;created_timestamp&quot;:&quot;0&quot;,&quot;copyright&quot;:&quot;&quot;,&quot;focal_length&quot;:&quot;0&quot;,&quot;iso&quot;:&quot;60&quot;,&quot;shutter_speed&quot;:&quot;0.03&quot;,&quot;title&quot;:&quot;&quot;}\" data-image-title=\"assenois\" data-image-description=\"\" data-image-caption=\"\" data-medium-file=\"https:\/\/i0.wp.com\/www.disparates.org\/iota\/wp-content\/uploads\/Photo0706.jpg?fit=337%2C450&amp;ssl=1\" data-large-file=\"https:\/\/i0.wp.com\/www.disparates.org\/iota\/wp-content\/uploads\/Photo0706.jpg?fit=768%2C1024&amp;ssl=1\" class=\"size-medium wp-image-6800 \" title=\"Photo0706\" src=\"https:\/\/i0.wp.com\/www.disparates.org\/iota\/wp-content\/uploads\/Photo0706.jpg?resize=337%2C450&#038;ssl=1\" alt=\"\" width=\"337\" height=\"450\" srcset=\"https:\/\/i0.wp.com\/www.disparates.org\/iota\/wp-content\/uploads\/Photo0706.jpg?resize=337%2C450&amp;ssl=1 337w, https:\/\/i0.wp.com\/www.disparates.org\/iota\/wp-content\/uploads\/Photo0706.jpg?resize=112%2C150&amp;ssl=1 112w, https:\/\/i0.wp.com\/www.disparates.org\/iota\/wp-content\/uploads\/Photo0706.jpg?resize=768%2C1024&amp;ssl=1 768w, https:\/\/i0.wp.com\/www.disparates.org\/iota\/wp-content\/uploads\/Photo0706.jpg?w=1200&amp;ssl=1 1200w\" sizes=\"(max-width: 337px) 100vw, 337px\" \/><\/a><figcaption id=\"caption-attachment-6800\" class=\"wp-caption-text\">la \u00ab\u00a0maison au-dessus du garage\u00a0\u00bb, l&rsquo;hiver dernier, vue du ch\u00e2teau. \u00e0 gauche, la porte du garage. \u00e0 droite celle du poulailler.<\/figcaption><\/figure>\n<p style=\"clear: both;\"><span style=\"font-size: large;\">sommes maintenant <strong>en ardennes, au ch\u00e2teau<\/strong>. <\/span> suis en haut d&rsquo;une voiture qui ressemble \u00e0 un <span style=\"font-size: large;\">4&#215;4<\/span>, mais qui n&rsquo;en est pas un. la voiture est noire. les battants lat\u00e9raux ont \u00e9t\u00e9 relev\u00e9s de sorte qu&rsquo;elle ressemble \u00e0 un 4&#215;4 ou \u00e0 un camion, mais ce n&rsquo;en est pas. je suis sur le toit de la cabine, invisible aux yeux des pompiers. je suis accompagn\u00e9e d&rsquo;une petite fille.<\/p>\n<p><span style=\"font-size: large;\"><strong>les travaux ont commenc\u00e9.<\/strong> <\/span>un tuyau est enfonc\u00e9 dans un trou au sol, dans le garage &#8211; dont les portes sont largement ouvertes, qui font presque toute la hauteur et la largeur du mur, ouvrant compl\u00e8tement la pi\u00e8ce sur l&rsquo;ext\u00e9rieur. je veux descendre du camion, voir ce dont il s&rsquo;agit.\u00a0 je veux participer au <strong>nettoyage de la chose qui a \u00e9t\u00e9 remont\u00e9e<\/strong>.\u00a0 comme je ne suis pas tr\u00e8s habill\u00e9e,\u00a0 j&rsquo;enfile un large v\u00eatement, je cois que les pompiers sont partis. je cours. un pompier me crie \u00ab\u00a0<strong>tr\u00e8s jolie dans ce survet!\u00a0 mais pour courir, il faut mettre le bas<\/strong>\u00ab\u00a0. je suis un peu g\u00ean\u00e9e.\u00a0 je m&rsquo;approche du trou.<span style=\"font-size: 18pt;\"> <strong>la chose est affreuse. je dis \u00ab\u00a0m\u00e9connaissable\u00a0\u00bb<\/strong>, il faut passer une sorte d&rsquo;aspirateur dessus pour la nettoyer. elle est si horrible, si peu ragoutante que personne n&rsquo;en n&rsquo;a vraiment envie. il n&rsquo;est pas s\u00fbr que cette chose ne soit pas organique, vivante, que sa forme ronde ne rappelle pas la forme d&rsquo;une t\u00eate.<\/span><\/p>\n<p><a href=\"https:\/\/i0.wp.com\/www.disparates.org\/iota\/wp-content\/uploads\/06_francis-bacon_head-vi_19491.jpg?ssl=1\"><img data-recalc-dims=\"1\" decoding=\"async\" data-attachment-id=\"6725\" data-permalink=\"https:\/\/www.disparates.org\/iota\/2011\/02\/reve-du-19-au-20-fevrier-2011-mere-moyen-age\/06_francis-bacon_head-vi_1949-2\/\" data-orig-file=\"https:\/\/i0.wp.com\/www.disparates.org\/iota\/wp-content\/uploads\/06_francis-bacon_head-vi_19491.jpg?fit=1386%2C1707&amp;ssl=1\" data-orig-size=\"1386,1707\" data-comments-opened=\"1\" data-image-meta=\"{&quot;aperture&quot;:&quot;0&quot;,&quot;credit&quot;:&quot;&quot;,&quot;camera&quot;:&quot;&quot;,&quot;caption&quot;:&quot;&quot;,&quot;created_timestamp&quot;:&quot;0&quot;,&quot;copyright&quot;:&quot;&quot;,&quot;focal_length&quot;:&quot;0&quot;,&quot;iso&quot;:&quot;0&quot;,&quot;shutter_speed&quot;:&quot;0&quot;,&quot;title&quot;:&quot;&quot;}\" data-image-title=\"06_francis-bacon_head-vi_1949\" data-image-description=\"\" data-image-caption=\"\" data-medium-file=\"https:\/\/i0.wp.com\/www.disparates.org\/iota\/wp-content\/uploads\/06_francis-bacon_head-vi_19491.jpg?fit=365%2C450&amp;ssl=1\" data-large-file=\"https:\/\/i0.wp.com\/www.disparates.org\/iota\/wp-content\/uploads\/06_francis-bacon_head-vi_19491.jpg?fit=831%2C1024&amp;ssl=1\" class=\"alignnone size-medium wp-image-6725\" title=\"06_francis-bacon_head-vi_1949\" src=\"https:\/\/i0.wp.com\/www.disparates.org\/iota\/wp-content\/uploads\/06_francis-bacon_head-vi_19491.jpg?w=337&#038;ssl=1\" alt=\"\"  \/><\/a><\/p>\n<p>je m&rsquo;\u00e9loigne. bient\u00f4t rattrap\u00e9e par le pompier. je crois que je vais <strong>vers le ch\u00e2teau<\/strong>. le surv\u00eatement que je porte est \u00e9galement en imprim\u00e9 <strong><span style=\"font-size: 18pt;\">camouflage<\/span><\/strong>. il est question de la couleur de la voiture. je crois qu&rsquo;il est important qu&rsquo;elle soit <strong>noire<\/strong>, et non pas <span style=\"font-size: x-large;\">\u00ab\u00a0treillis\u00a0\u00bb,\u00a0 camouflage.<\/span> n\u00e9anmoins, parce qu&rsquo;elle pourrait \u00eatre confondue, elle est cach\u00e9e de fa\u00e7on assez sommaire puisqu&rsquo;il ne s&rsquo;agit que d&rsquo;un <span style=\"font-size: 18pt;\"><strong>assemblage de b\u00e2tons qui l&rsquo;encadrent aux quatre coins<\/strong><\/span>, mais elle est dans un lieu sombre (le garage, referm\u00e9, le poulailler?) &#8211; un peu ainsi que le sont certains papes de Francis Bacon. il s&rsquo;agit plut\u00f4t <span style=\"font-size: large;\">du signe, du signal d&rsquo;un cadre, qui d\u00e9limite plus qu&rsquo;il ne camoufle<\/span>, m\u00eame s&rsquo;il y a bien un peu de <span style=\"background-color: #993300; color: #ffff00;\">paille<\/span>, \u00e7a et l\u00e0.<\/p>\n","protected":false},"excerpt":{"rendered":"<p>r\u00eave du 19 au 20 f\u00e9vrier 2011 avec ma m\u00e8re. devons longer la mer, pour parvenir quelque part au-del\u00e0. mais la longer directement n&rsquo;est pas possible, trop d&rsquo;eau, de grandes flaques d&rsquo;eau (les \u00ab\u00a0petites mers\u00a0\u00bb disait ma tante) laiss\u00e9es par la mer quand elle a recul\u00e9, qui contiennent toutes sortes de petits objets de natures&hellip; <a class=\"more-link\" href=\"https:\/\/www.disparates.org\/iota\/2011\/02\/reve-du-19-au-20-fevrier-2011-mere-moyen-age\/\">Poursuivre la lecture <span class=\"screen-reader-text\">r\u00eave : un treillis sur la mer<\/span><\/a><\/p>\n","protected":false},"author":11,"featured_media":6725,"comment_status":"closed","ping_status":"closed","sticky":false,"template":"","format":"standard","meta":{"_acf_changed":false,"_jetpack_memberships_contains_paid_content":false,"footnotes":""},"categories":[28,647],"tags":[686,657,656,658,644,642,687,675,681,645,643,688,2450,641,689,646],"class_list":["post-6719","post","type-post","status-publish","format-standard","has-post-thumbnail","hentry","category-reves","category-un-treillis-sur-la-mer","tag-686","tag-4x4","tag-assenois","tag-cadre","tag-chateau","tag-famille","tag-g","tag-guerre","tag-inondation","tag-mer","tag-mere","tag-payer","tag-rue-waelhem","tag-sous-sol","tag-travaux","tag-treillis","entry"],"acf":[],"jetpack_featured_media_url":"https:\/\/i0.wp.com\/www.disparates.org\/iota\/wp-content\/uploads\/06_francis-bacon_head-vi_19491.jpg?fit=1386%2C1707&ssl=1","jetpack_sharing_enabled":true,"_links":{"self":[{"href":"https:\/\/www.disparates.org\/iota\/wp-json\/wp\/v2\/posts\/6719","targetHints":{"allow":["GET"]}}],"collection":[{"href":"https:\/\/www.disparates.org\/iota\/wp-json\/wp\/v2\/posts"}],"about":[{"href":"https:\/\/www.disparates.org\/iota\/wp-json\/wp\/v2\/types\/post"}],"author":[{"embeddable":true,"href":"https:\/\/www.disparates.org\/iota\/wp-json\/wp\/v2\/users\/11"}],"replies":[{"embeddable":true,"href":"https:\/\/www.disparates.org\/iota\/wp-json\/wp\/v2\/comments?post=6719"}],"version-history":[{"count":1,"href":"https:\/\/www.disparates.org\/iota\/wp-json\/wp\/v2\/posts\/6719\/revisions"}],"predecessor-version":[{"id":25406,"href":"https:\/\/www.disparates.org\/iota\/wp-json\/wp\/v2\/posts\/6719\/revisions\/25406"}],"wp:featuredmedia":[{"embeddable":true,"href":"https:\/\/www.disparates.org\/iota\/wp-json\/wp\/v2\/media\/6725"}],"wp:attachment":[{"href":"https:\/\/www.disparates.org\/iota\/wp-json\/wp\/v2\/media?parent=6719"}],"wp:term":[{"taxonomy":"category","embeddable":true,"href":"https:\/\/www.disparates.org\/iota\/wp-json\/wp\/v2\/categories?post=6719"},{"taxonomy":"post_tag","embeddable":true,"href":"https:\/\/www.disparates.org\/iota\/wp-json\/wp\/v2\/tags?post=6719"}],"curies":[{"name":"wp","href":"https:\/\/api.w.org\/{rel}","templated":true}]}}