{"id":6752,"date":"2011-02-06T19:22:10","date_gmt":"2011-02-06T18:22:10","guid":{"rendered":"https:\/\/www.disparates.org\/iota\/?p=6752"},"modified":"2025-01-10T12:17:05","modified_gmt":"2025-01-10T11:17:05","slug":"cette-piece-a-ete-videe","status":"publish","type":"post","link":"https:\/\/www.disparates.org\/iota\/2011\/02\/cette-piece-a-ete-videe\/","title":{"rendered":"r\u00eave : cette pi\u00e8ce a \u00e9t\u00e9 vid\u00e9e"},"content":{"rendered":"<blockquote>\n<p>\u00ab\u00a0suis sur le palier du grenier de la rue waelhem. une voix f\u00e9minine me dit, parlant d\u2019une chambre qui \u00e9tait ma chambre d\u2019adolescente, que \u201c<strong>cette pi\u00e8ce a \u00e9t\u00e9 vid\u00e9e, doit le rester compl\u00e8tement, compl\u00e8tement vide, compl\u00e8tement nue, blanche<\/strong>\u201d avec seulement au sol des coussins pour les personnes qu\u2019elle y re\u00e7oit et que personne ne peut p\u00e9n\u00e9trer, et surtout pas de sa famille, en dehors de l\u2019office auquel elle est consacr\u00e9e. \u00bb<\/p>\n<\/blockquote>\n<p>c\u2019est tr\u00e8s r\u00e9el, tant qu\u2019au r\u00e9veil je me demande s\u2019il n\u2019y a pas chez moi aussi une pi\u00e8ce que je pourrais ainsi vider et consacrer \u00e0 cet emploi.<\/p>\n<p><strong>souvenirs, liens<\/strong><\/p>\n<p>quelques jours auparavant, soldes pour jules, une <strong><span style=\"font-variant: small-caps;\">tente d&rsquo;indien<\/span><\/strong> toute blanche parsem\u00e9e \u00e0 l&rsquo;int\u00e9rieur de coussins blancs sert de cabine d&rsquo;essayage\u00a0 aux enfants. je me dis que c&rsquo;est tr\u00e8s chouette. et \u00e7a pla\u00eet beaucoup \u00e0 jules aussi.<\/p>\n<figure id=\"attachment_6795\" aria-describedby=\"caption-attachment-6795\" style=\"width: 418px\" class=\"wp-caption aligncenter\"><a href=\"https:\/\/i0.wp.com\/www.disparates.org\/iota\/wp-content\/uploads\/Bataille-Wounded-Knee.jpg?ssl=1\"><img data-recalc-dims=\"1\" decoding=\"async\" data-attachment-id=\"6795\" data-permalink=\"https:\/\/www.disparates.org\/iota\/2011\/02\/cette-piece-a-ete-videe\/bataille-wounded-knee\/\" data-orig-file=\"https:\/\/i0.wp.com\/www.disparates.org\/iota\/wp-content\/uploads\/Bataille-Wounded-Knee.jpg?fit=1774%2C1422&amp;ssl=1\" data-orig-size=\"1774,1422\" data-comments-opened=\"1\" data-image-meta=\"{&quot;aperture&quot;:&quot;0&quot;,&quot;credit&quot;:&quot;&quot;,&quot;camera&quot;:&quot;&quot;,&quot;caption&quot;:&quot;&quot;,&quot;created_timestamp&quot;:&quot;0&quot;,&quot;copyright&quot;:&quot;&quot;,&quot;focal_length&quot;:&quot;0&quot;,&quot;iso&quot;:&quot;0&quot;,&quot;shutter_speed&quot;:&quot;0&quot;,&quot;title&quot;:&quot;&quot;}\" data-image-title=\"La bataille de Wounded Knee\" data-image-description=\"&lt;p&gt;La bataille de Wounded Knee &amp;#8211; Jacques Muller, 1996, acrylique sur toile, 122*152 &lt;\/p&gt;\n\" data-image-caption=\"\" data-medium-file=\"https:\/\/i0.wp.com\/www.disparates.org\/iota\/wp-content\/uploads\/Bataille-Wounded-Knee.jpg?fit=418%2C335&amp;ssl=1\" data-large-file=\"https:\/\/i0.wp.com\/www.disparates.org\/iota\/wp-content\/uploads\/Bataille-Wounded-Knee.jpg?fit=940%2C753&amp;ssl=1\" class=\"size-medium wp-image-6795 \" title=\"La bataille de Wounded Knee\" src=\"https:\/\/i0.wp.com\/www.disparates.org\/iota\/wp-content\/uploads\/Bataille-Wounded-Knee.jpg?resize=418%2C335&#038;ssl=1\" alt=\"\" width=\"418\" height=\"335\" srcset=\"https:\/\/i0.wp.com\/www.disparates.org\/iota\/wp-content\/uploads\/Bataille-Wounded-Knee.jpg?resize=418%2C335&amp;ssl=1 418w, https:\/\/i0.wp.com\/www.disparates.org\/iota\/wp-content\/uploads\/Bataille-Wounded-Knee.jpg?resize=150%2C120&amp;ssl=1 150w, https:\/\/i0.wp.com\/www.disparates.org\/iota\/wp-content\/uploads\/Bataille-Wounded-Knee.jpg?resize=1024%2C820&amp;ssl=1 1024w, https:\/\/i0.wp.com\/www.disparates.org\/iota\/wp-content\/uploads\/Bataille-Wounded-Knee.jpg?w=1774&amp;ssl=1 1774w\" sizes=\"(max-width: 418px) 100vw, 418px\" \/><\/a><figcaption id=\"caption-attachment-6795\" class=\"wp-caption-text\">La bataille de Wounded Knee &#8211; Jacques Muller, 1996, acrylique sur toile, 122*152<\/figcaption><\/figure>\n<p>souvent mon p\u00e8re disait qu&rsquo;il \u00e9tait un <strong>indien<\/strong>. un jour je lui dis que non, qu&rsquo;il n&rsquo;\u00e9tait (m\u00eame) pas un indien, \u00e7a le met dans une <strong>col\u00e8re<\/strong> \u00e9tonnante. col\u00e8re aussi \u00e9tonnante et forte que celle qui avait \u00e9t\u00e9 la sienne quelques ann\u00e9es auparavant, comme je refusais de d\u00e9barrasser la table, et qu&rsquo;il m&rsquo;avait trait\u00e9e, enrag\u00e9, de \u00ab\u00a0<strong>pa\u00efenne<\/strong>\u00ab\u00a0.<\/p>\n<p style=\"font-weight: bold; font-variant: small-caps; text-align: center;\"><strong>in-dien <\/strong>\u00a4\u00a0 pai\u00ebn-ne\u00a0 \u00a4\u00a0 col\u00e8res du p\u00e8re<\/p>\n<p><strong>l&rsquo;in-tranquillit\u00e9<\/strong> du psychanalyste, journ\u00e9e\u00a0 organis\u00e9e par l&rsquo;ecf, \u00e0 laquelle je m&rsquo;\u00e9tais rendue la veille.<\/p>\n<p style=\"font-weight: bold; font-variant: small-caps; text-align: center;\">in-tranquillit\u00e9<\/p>\n<p>je raconte ce r\u00eave en s\u00e9ance, et finis par dire\u00a0 par que la pi\u00e8ce qui a \u00e9t\u00e9 vid\u00e9e, dont il est question dans le r\u00eave, est un cabinet de psychanalyste &#8211; ce que le r\u00eave m\u00eame n&rsquo;avoue pas. l&rsquo;analyste conclut l\u00e0-dessus d&rsquo;un \u00ab\u00a0bon!\u00a0\u00bb et se l\u00e8ve.<\/p>\n","protected":false},"excerpt":{"rendered":"<p>\u00ab\u00a0suis sur le palier du grenier de la rue waelhem. une voix f\u00e9minine me dit, parlant d\u2019une chambre qui \u00e9tait ma chambre d\u2019adolescente, que \u201ccette pi\u00e8ce a \u00e9t\u00e9 vid\u00e9e, doit le rester compl\u00e8tement, compl\u00e8tement vide, compl\u00e8tement nue, blanche\u201d avec seulement au sol des coussins pour les personnes qu\u2019elle y re\u00e7oit et que personne ne peut&hellip; <a class=\"more-link\" href=\"https:\/\/www.disparates.org\/iota\/2011\/02\/cette-piece-a-ete-videe\/\">Poursuivre la lecture <span class=\"screen-reader-text\">r\u00eave : cette pi\u00e8ce a \u00e9t\u00e9 vid\u00e9e<\/span><\/a><\/p>\n","protected":false},"author":11,"featured_media":6795,"comment_status":"closed","ping_status":"closed","sticky":false,"template":"","format":"standard","meta":{"_acf_changed":false,"_jetpack_memberships_contains_paid_content":false,"footnotes":""},"categories":[673,28,647],"tags":[662,769,670,671,660,668,672,669,2450],"class_list":["post-6752","post","type-post","status-publish","format-standard","has-post-thumbnail","hentry","category-cette-piece-a-ete-videe","category-reves","category-un-treillis-sur-la-mer","tag-blanc","tag-devenir-analyste","tag-grenier","tag-indien","tag-intranquillite","tag-mansarde","tag-paien","tag-palier","tag-rue-waelhem","entry"],"acf":[],"jetpack_featured_media_url":"https:\/\/i0.wp.com\/www.disparates.org\/iota\/wp-content\/uploads\/Bataille-Wounded-Knee.jpg?fit=1774%2C1422&ssl=1","jetpack_sharing_enabled":true,"_links":{"self":[{"href":"https:\/\/www.disparates.org\/iota\/wp-json\/wp\/v2\/posts\/6752","targetHints":{"allow":["GET"]}}],"collection":[{"href":"https:\/\/www.disparates.org\/iota\/wp-json\/wp\/v2\/posts"}],"about":[{"href":"https:\/\/www.disparates.org\/iota\/wp-json\/wp\/v2\/types\/post"}],"author":[{"embeddable":true,"href":"https:\/\/www.disparates.org\/iota\/wp-json\/wp\/v2\/users\/11"}],"replies":[{"embeddable":true,"href":"https:\/\/www.disparates.org\/iota\/wp-json\/wp\/v2\/comments?post=6752"}],"version-history":[{"count":1,"href":"https:\/\/www.disparates.org\/iota\/wp-json\/wp\/v2\/posts\/6752\/revisions"}],"predecessor-version":[{"id":25407,"href":"https:\/\/www.disparates.org\/iota\/wp-json\/wp\/v2\/posts\/6752\/revisions\/25407"}],"wp:featuredmedia":[{"embeddable":true,"href":"https:\/\/www.disparates.org\/iota\/wp-json\/wp\/v2\/media\/6795"}],"wp:attachment":[{"href":"https:\/\/www.disparates.org\/iota\/wp-json\/wp\/v2\/media?parent=6752"}],"wp:term":[{"taxonomy":"category","embeddable":true,"href":"https:\/\/www.disparates.org\/iota\/wp-json\/wp\/v2\/categories?post=6752"},{"taxonomy":"post_tag","embeddable":true,"href":"https:\/\/www.disparates.org\/iota\/wp-json\/wp\/v2\/tags?post=6752"}],"curies":[{"name":"wp","href":"https:\/\/api.w.org\/{rel}","templated":true}]}}