{"id":688,"date":"2007-04-20T09:19:38","date_gmt":"2007-04-20T08:19:38","guid":{"rendered":"http:\/\/historyze.org\/disparates\/2007-04-20\/688\/"},"modified":"2007-04-20T09:19:38","modified_gmt":"2007-04-20T08:19:38","slug":"688","status":"publish","type":"post","link":"https:\/\/www.disparates.org\/iota\/2007\/04\/688\/","title":{"rendered":"par esseuse pa rais seuse"},"content":{"rendered":"<p><a href=\"https:\/\/i0.wp.com\/disparates.org\/format-standard\/wp-content\/uploads\/paresseux_016.jpg?ssl=1\" title=\"pa rais seuse\"><img data-recalc-dims=\"1\" decoding=\"async\" style=\"padding:6px; float:right; margin-left:15px; margin-bottom:10px\" src=\"https:\/\/i0.wp.com\/disparates.org\/format-standard\/wp-content\/uploads\/paresseux_016.thumbnail.jpg?w=940&#038;ssl=1\" alt=\"pa rais\"seuse\" \/><\/a>hier et aujourd&rsquo;hui, avons d\u00fb nous lever t\u00f4t, jules et la moi, parce qu&rsquo;il devait aller \u00e0 la garderie. \u00e0 la garderie, il pleurait, ne voulait pas rester. curieux. probablement la fatigue. il se couche de plus en plus tard.<\/p>\n<p>devenue paresseuse. il faudrait maintenant que je travaille. la fen\u00eatre est ouverte, c&rsquo;est agr\u00e9able, \u00e7a, tr\u00e8s. mon nouveau si\u00e8ge para\u00eet me convenir. je me demande par quel bout je vais traiter le fait que je ne sache jamais comment m&rsquo;habiller. il \u00e9tait question du \u00ab\u00a0se donner \u00e0 voir\u00a0\u00bb des obsessionnels dans le dernier article que j&rsquo;ai lu, sur l&rsquo;obsession, de serge cottet. je pense qu&rsquo;il se r\u00e9f\u00e9rait \u00e0 un article de e. solano-suarez. il faudrait v\u00e9rifier, chercher ensuite cet article, \u00e9ventuellement aller \u00e0 la biblioth\u00e8que de l&rsquo;\u00e9cole. mes nouvelles chaussures me font mal aux pieds, j&rsquo;ai mis une veste verte aujourd&rsquo;hui, sur mon pull bleu. pas de cr\u00e8me sur le visage, peau tire. dehors, les pleurs d&rsquo;un enfant r\u00e9sonnent. je me suis pr\u00e9-inscrite par internet \u00e0 l&rsquo;ass\u00e9dic, il y a deux jours. malheureusement, le rv qui m&rsquo;a \u00e9t\u00e9 fix\u00e9, le 25, est celui du rv de la r\u00e9union de l&rsquo;ecf. mis\u00e8re.<\/p>\n","protected":false},"excerpt":{"rendered":"","protected":false},"author":11,"featured_media":0,"comment_status":"closed","ping_status":"closed","sticky":false,"template":"","format":"standard","meta":{"_acf_changed":false,"_jetpack_memberships_contains_paid_content":false,"footnotes":""},"categories":[1],"tags":[],"class_list":["post-688","post","type-post","status-publish","format-standard","hentry","category-non-classe","entry"],"acf":[],"jetpack_featured_media_url":"","jetpack_sharing_enabled":true,"_links":{"self":[{"href":"https:\/\/www.disparates.org\/iota\/wp-json\/wp\/v2\/posts\/688","targetHints":{"allow":["GET"]}}],"collection":[{"href":"https:\/\/www.disparates.org\/iota\/wp-json\/wp\/v2\/posts"}],"about":[{"href":"https:\/\/www.disparates.org\/iota\/wp-json\/wp\/v2\/types\/post"}],"author":[{"embeddable":true,"href":"https:\/\/www.disparates.org\/iota\/wp-json\/wp\/v2\/users\/11"}],"replies":[{"embeddable":true,"href":"https:\/\/www.disparates.org\/iota\/wp-json\/wp\/v2\/comments?post=688"}],"version-history":[{"count":0,"href":"https:\/\/www.disparates.org\/iota\/wp-json\/wp\/v2\/posts\/688\/revisions"}],"wp:attachment":[{"href":"https:\/\/www.disparates.org\/iota\/wp-json\/wp\/v2\/media?parent=688"}],"wp:term":[{"taxonomy":"category","embeddable":true,"href":"https:\/\/www.disparates.org\/iota\/wp-json\/wp\/v2\/categories?post=688"},{"taxonomy":"post_tag","embeddable":true,"href":"https:\/\/www.disparates.org\/iota\/wp-json\/wp\/v2\/tags?post=688"}],"curies":[{"name":"wp","href":"https:\/\/api.w.org\/{rel}","templated":true}]}}