{"id":703,"date":"2007-04-29T20:43:57","date_gmt":"2007-04-29T19:43:57","guid":{"rendered":"http:\/\/historyze.org\/disparates\/2007-04-29\/avril-28-ou-29-dimanche-16h28-2007\/"},"modified":"2007-04-29T20:43:57","modified_gmt":"2007-04-29T19:43:57","slug":"avril-28-ou-29-dimanche-16h28-2007","status":"publish","type":"post","link":"https:\/\/www.disparates.org\/iota\/2007\/04\/avril-28-ou-29-dimanche-16h28-2007\/","title":{"rendered":"Avril, 28 ou 29, dimanche, 16h28, 2007"},"content":{"rendered":"<p>Je voudrais arriver \u00e0 \u00e9crire \u00e0 propos de la derni\u00e8re s\u00e9ance, de jeudi, mais je ne me souviens de rien. J\u2019\u00e9cris au porte-mine, dans un carnet de dessin, c\u2019est plaisant. Je suis couch\u00e9e sur le lit, la fen\u00eatre de la chambre est ouverte. On attend l\u2019orage. Malgr\u00e9 le bruit qui persiste, j\u2019aime le calme des dimanches. Jules m\u2019emb\u00eate, il n\u2019a pas voulu faire sa sieste, il est joliment habill\u00e9, d\u2019un short vert et d\u2019un petit sweat ray\u00e9, dans les verts \u00e9galement. Il s\u2019est install\u00e9 sur mon dos. Fr\u00e9d\u00e9ric, lui, est dans la salle, lit ; cela ne lui arrive pas souvent. Il faudra que je lui demande ce qu\u2019il lit. Ca sent le dimanche \u00e0 plein nez. Avec cette chance que demain ce soit cong\u00e9. Cong\u00e9 ? Vraiment ? Fr\u00e9d\u00e9ric prend-il cong\u00e9 ? Fait-il le pont \u2013 c\u2019est le premier mardi \u2013 F\u00eate des travailleurs. Mamyline probablement nous enverra du muguet. J\u2019ai aujourd\u2019hui plant\u00e9 des fleurs dans la jardini\u00e8re de la fen\u00eatre de la chambre et r\u00e9par\u00e9 une porte d\u2019armoire cass\u00e9e dans la cuisine. Dimanche, encore, dimanche toujours. Je crois que par la fen\u00eatre derri\u00e8re moi, Jules regarde dehors des enfants rouler \u00e0 v\u00e9lo. Retour \u00e0 s\u00e9ance ? Ou l\u2019oubli vaut-il mieux ? (Jamais, je n\u2019aurai le courage de recopier tout ceci dans le blog ; je trouve mon \u00e9criture vieillotte).<\/p>\n<p>\n<b>S\u00e9ance.<\/b> Je dis que les habits sont ce qui me s\u00e9pare du monde \u2013 les habits, les difficult\u00e9s que j\u2019\u00e9prouve \u00e0 m\u2019habiller, les angoisses que \u00e7a cause, le temps que \u00e7a prend, le temps que \u00e7a prenait, beaucoup plus avant, les retards o\u00f9 \u00e7a me mettait, \u00e0 l\u2019\u00e9cole, au travail plus tard. La recherche o\u00f9 j\u2019\u00e9tais d\u2019un v\u00eatement auquel je colle. Mon renoncement, ma perte aujourd\u2019hui, de ce v\u00eatement avec lequel je fasse une.<\/p>\n<p>\nIl me demande si je me souviens de la premi\u00e8re fois o\u00f9 j\u2019ai eu ces doutes vestimentaires. Je suis oblig\u00e9e de lui r\u00e9pondre que non. Je n\u2019en m\u2019en souviens, souvenais pas. Il me semble que c\u2019est de toujours. (Je me rends compte que ce qui a provoqu\u00e9 l\u2019oubli de cette s\u00e9ance-l\u00e0, c\u2019est l\u2019abondance m\u00eame des souvenirs qu\u2019elle a provoqu\u00e9e).<\/p>\n<p>\nJe suis amen\u00e9e \u00e0 parler du \u00ab viol \u00bb,  que je ne fais que mentionner en pr\u00e9cisant que je d\u00e9teste ce mot,  utiliser ce mot pour ce qui s\u2019est pass\u00e9. Il y a eu \u00e7a, puis d\u2019autres choses dont je n\u2019ai pas le c\u0153ur \u00e0 parler \u2013 ces choses donc apr\u00e8s lesquelles, il se dessine que mon rapport aux v\u00eatements aurait chang\u00e9.<\/p>\n<p>\nAvant, les sorties, les v\u00eatements provocants (il dit \u00ab le d\u00e9fi au p\u00e8re \u00bb). Le shopping, seule, les achats, les vols dans les magasins,  l\u2019argent vol\u00e9 \u00e0 mes parents. Et si d\u00e9j\u00e0 j\u2019y mettrais du temps, je finissais toujours par trouver comment m\u2019habiller. Et je sortais, guerri\u00e8re. <\/p>\n<p>\nApr\u00e8s, finalement Roger, le th\u00e9\u00e2tre, puis le d\u00e9m\u00e9nagement. J\u2019habite seule. Et petit \u00e0 petit, je n\u2019ai plus su, comment m\u2019habiller. Et petit \u00e0 petit, \u00e7a s\u2019est pr\u00e9cis\u00e9, je n\u2019arrivais plus \u00e0 m\u2019habiller, je n\u2019arrivais plus \u00e0 acheter de v\u00eatements. Je ne sortais pas faute de savoir comment m\u2019habiller. L\u2019orage est attendu. Il fait sombre. Jules a quitt\u00e9 la pi\u00e8ce. La difficult\u00e9 de plus en plus grande \u00e0 acheter des v\u00eatements. Ceux autour desquels je tournais pendant des heures, jusqu\u2019\u00e0 ce que je m\u2019en retourne chez moi, d\u00e9pit\u00e9e, de tristesse morte. Idem pour le coiffeur. L\u2019excuse prise de l\u2019argent que je n\u2019avais pas. De l\u2019argent, je ne parle pas en s\u00e9ance, je ne m\u2019en souviens qu\u2019apr\u00e8s. En m\u00eame temps, je maigris. Je cesse d\u2019\u00eatre boulimique. Mes r\u00e9ponses, toujours les m\u00eames quand on m\u2019invite \u00e0 sortir : je ne sais pas comment m\u2019habiller. L\u2019impossibilit\u00e9 de sortir seule, l\u2019impossibilit\u00e9 d\u2019\u00eatre belle. Si d\u2019aventure, il m\u2019arrive de malgr\u00e9 tout acqu\u00e9rir un v\u00eatement que j\u2019aime vraiment \u2013 \u00e0 l\u2019ancienne, \u00e0 la fa\u00e7on d\u2019avant \u2013 le v\u00eatement aussit\u00f4t donn\u00e9. Donn\u00e9 \u00e0 une autre femme. Donn\u00e9 \u00e0 l\u2019autre femme. <\/p>\n<p>\nEnfin, je lui parle de l\u2019angoisse quand le weekend arrive et qu\u2019il va falloir sortir \u2013 donc s\u2019habiller. Cette angoisse qui me rend agressive, \u00e0 laquelle j\u2019\u00e9chappe en me terrant dans mon lit. Je parle de ce \u00e0 quoi j\u2019ai renonc\u00e9 \u2013 \u00eatre bien habill\u00e9e, l\u2019image avec laquelle, je serais totalement en accord, je ne ferais qu\u2019une. <\/p>\n<p>\nD\u2019avant \u00e0 apr\u00e8s, il y aurait la s\u00e9duction devenue impossible. Le v\u00eatement, c\u2019\u00e9tait le sexe, la femme. Apr\u00e8s, \u00e7a aurait \u00e9t\u00e9 l\u2019insupportable de \u00e7a \u2013 l\u2019insupportable du d\u00e9sir de l\u2019autre.<\/p>\n<p>\nJe ne sais pas si \u00e7a peut \u00eatre r\u00e9duit comme \u00e7a. On entend les roulements de tambour du tonnerre. Jules fait des b\u00eatises. <\/p>\n<p>J\u2019aime en \u00e9t\u00e9, la fra\u00eecheur et le calme avant l\u2019orage. <\/p>\n","protected":false},"excerpt":{"rendered":"<p>Je voudrais arriver \u00e0 \u00e9crire \u00e0 propos de la derni\u00e8re s\u00e9ance, de jeudi, mais je ne me souviens de rien. J\u2019\u00e9cris au porte-mine, dans un carnet de dessin, c\u2019est plaisant. Je suis couch\u00e9e sur le lit, la fen\u00eatre de la chambre est ouverte. On attend l\u2019orage. Malgr\u00e9 le bruit qui persiste, j\u2019aime le calme des&hellip; <a class=\"more-link\" href=\"https:\/\/www.disparates.org\/iota\/2007\/04\/avril-28-ou-29-dimanche-16h28-2007\/\">Poursuivre la lecture <span class=\"screen-reader-text\">Avril, 28 ou 29, dimanche, 16h28, 2007<\/span><\/a><\/p>\n","protected":false},"author":11,"featured_media":0,"comment_status":"closed","ping_status":"closed","sticky":false,"template":"","format":"standard","meta":{"_acf_changed":false,"_jetpack_memberships_contains_paid_content":false,"footnotes":""},"categories":[831],"tags":[],"class_list":["post-703","post","type-post","status-publish","format-standard","hentry","category-analyse-avec-fl","entry"],"acf":[],"jetpack_featured_media_url":"","jetpack_sharing_enabled":true,"_links":{"self":[{"href":"https:\/\/www.disparates.org\/iota\/wp-json\/wp\/v2\/posts\/703","targetHints":{"allow":["GET"]}}],"collection":[{"href":"https:\/\/www.disparates.org\/iota\/wp-json\/wp\/v2\/posts"}],"about":[{"href":"https:\/\/www.disparates.org\/iota\/wp-json\/wp\/v2\/types\/post"}],"author":[{"embeddable":true,"href":"https:\/\/www.disparates.org\/iota\/wp-json\/wp\/v2\/users\/11"}],"replies":[{"embeddable":true,"href":"https:\/\/www.disparates.org\/iota\/wp-json\/wp\/v2\/comments?post=703"}],"version-history":[{"count":0,"href":"https:\/\/www.disparates.org\/iota\/wp-json\/wp\/v2\/posts\/703\/revisions"}],"wp:attachment":[{"href":"https:\/\/www.disparates.org\/iota\/wp-json\/wp\/v2\/media?parent=703"}],"wp:term":[{"taxonomy":"category","embeddable":true,"href":"https:\/\/www.disparates.org\/iota\/wp-json\/wp\/v2\/categories?post=703"},{"taxonomy":"post_tag","embeddable":true,"href":"https:\/\/www.disparates.org\/iota\/wp-json\/wp\/v2\/tags?post=703"}],"curies":[{"name":"wp","href":"https:\/\/api.w.org\/{rel}","templated":true}]}}