{"id":720,"date":"2021-07-08T11:54:00","date_gmt":"2021-07-08T10:54:00","guid":{"rendered":"https:\/\/leseditionsdesjours.wordpress.com\/?p=720"},"modified":"2021-07-08T11:54:00","modified_gmt":"2021-07-08T10:54:00","slug":"jeudi-8-juillet-11h54-degout","status":"publish","type":"post","link":"https:\/\/www.disparates.org\/iota\/2021\/07\/jeudi-8-juillet-11h54-degout\/","title":{"rendered":"jeudi 8 juillet, 11h54 :: d\u00e9go\u00fbt (le monde r\u00e9duit \u00e0 un diagnostic)"},"content":{"rendered":"\n<p style=\"line-height:1.6;\">nuits d&rsquo;insomnies se succ\u00e8dent. c&rsquo;est l&rsquo;\u00e9criture sur le blog qui devient trop difficile. qui provoque en moi du d\u00e9go\u00fbt.  d\u00e9go\u00fbt de la situation, de cette maladie, de ce que je d\u00e9cris. d\u00e9go\u00fbt et crainte aussi.<br><br>sur le blog, j&rsquo;ai ajout\u00e9 une page qui liste <a href=\"https:\/\/disparates.org\/iota\/juin-2021\/\">tous les billets du mois de juin dans l&rsquo;ordre chronologique<\/a>. je voulais voir comment \u00e7a se lisait (je projette de faire \u00e7a pour tous les mois)<sup><a href=\"#note1\">1<\/a><\/sup>. <br><br>cette relecture de textes \u00e9crits pour la plupart dans l&rsquo;urgence, la nuit, s&rsquo;est av\u00e9r\u00e9e p\u00e9nible. je ne cesse de trouver \u00e0 corriger, \u00e0 r\u00e9-\u00e9crire, \u00e0 supprimer.  \u00e9ventuellement je m&rsquo;aper\u00e7ois que je me suis r\u00e9p\u00e9t\u00e9e, que deux jours \u00e0 la suite j&rsquo;ai redit la m\u00eame chose, avec la m\u00eame conviction, m&rsquo;en effrayer. mais, le plus dur, c&rsquo;est la confrontation avec ce sympt\u00f4me nu, ces sympt\u00f4mes nus. car c&rsquo;est la seule chose que j&rsquo;\u00e9crive : le pire. ce qui n&rsquo;appartenait qu&rsquo;\u00e0 la nuit est venu au grand jour. \u00e7a n&rsquo;a rien de s\u00e9duisant. qui plus est, il y a les choses que je ne suis pas arriv\u00e9e \u00e0 \u00e9crire. que je ne peux pas \u00e9crire. que je suis arriv\u00e9e \u00e0 laisser entendre \u00e0 l&rsquo;analyste, mais qu&rsquo;il est hors de question que j&rsquo;\u00e9crive ici. que je puisse avoir de telles pens\u00e9es\u2026. <\/p>\n\n\n\n<p style=\"line-height:1.6;\">j&rsquo;ai trop r\u00e9duit mon monde, beaucoup trop.<br>r\u00e9duit \u00e0 ce diagnostic, \u00e0 la maladie.<br>qui me para\u00eet n&rsquo;avoir plus rien d&rsquo;aimable.<br>est-ce le point de vue psychanalytique qui en brosse un si abominable portrait?<br>ou est-ce moi? <br>prise au pi\u00e8ge m\u00eame de la maladie que j&rsquo;ai cern\u00e9e : puisque c&rsquo;est une maladie o\u00f9 l&rsquo;on ne s&rsquo;aime pas, m&rsquo;\u00eatre toute enduite de ses sympt\u00f4mes et m&rsquo;en d\u00e9tester \u00e0 qui mieux mieux. <br>or ces sympt\u00f4mes ne sont pas faits pour vivre au grand jour. je leur ai tir\u00e9 artificiellement la t\u00eate hors de terre, fleurs affreuses, informes, o\u00f9 ils ne sont pas cens\u00e9s vivre. \u00e0 peine d&rsquo;ailleurs, sont-ce des sympt\u00f4mes. car les sympt\u00f4mes sont faits, eux, pour vivre au grand air. repr\u00e9sentants supportables, pr\u00e9sentables de monstruosit\u00e9s souterraines. les folies que je rapporte, non, ne sont pas pr\u00e9sentables.<\/p>\n\n\n\n<p style=\"line-height:1.6;\">mais, qu&rsquo;ai-je jamais pu leur trouver d&rsquo;aimable ?<br>qu&rsquo;ai-je jamais pu leur trouver d&rsquo;aimable ? <\/p>\n\n\n\n<p style=\"line-height:1.6;\">mal partout.<br>plus de force,<br>cass\u00e9e. je ne sais que faire.<\/p>\n\n\n\n<div style=\"height:100px;\" aria-hidden=\"true\" class=\"wp-block-spacer\"><\/div>\n\n\n\n<p><strong>Note<\/strong><\/p>\n\n\n\n<ol class=\"wp-block-list\" id=\"note1\"><li><strong>Trucs et astuces : comment faire une page o\u00f9 publier une archive mensuelle dans l&rsquo;ordre chronologique dans WordPress? <\/strong><br>Eh bien, cr\u00e9er une cat\u00e9gorie du mois pour chaque mois. puis cr\u00e9er la page du mois en listant les articles de cette cat\u00e9gorie dans l&rsquo;ordre chronologique, voila, c&rsquo;est tout. <\/li><\/ol>\n","protected":false},"excerpt":{"rendered":"<p>j&rsquo;ai trop r\u00e9duit mon monde, beaucoup trop.<br \/>\nr\u00e9duit \u00e0 ce diagnostic, \u00e0 la maladie.<br \/>\nqui me para\u00eet n&rsquo;avoir plus rien d&rsquo;aimable.<br \/>\nest-ce le point de vue psychanalytique qui en brosse un si abominable portrait?<br \/>\nou est-ce moi?<br \/>\nprise au pi\u00e8ge m\u00eame de la maladie que j&rsquo;ai cern\u00e9e : puisque c&rsquo;est une maladie o\u00f9 l&rsquo;on ne s&rsquo;aime pas, m&rsquo;\u00eatre toute enduite de ses sympt\u00f4mes et m&rsquo;en d\u00e9tester \u00e0 qui mieux mieux.<br \/>\nor ces sympt\u00f4mes ne sont pas faits pour vivre au grand jour. je leur tire artificiellement la t\u00eate hors de terre, fleurs affreuses, informes, o\u00f9 ils ne sont pas cens\u00e9s vivre. \u00e0 peine d&rsquo;ailleurs, sont-ce des sympt\u00f4mes. car les sympt\u00f4mes sont faits pour vivre au grand air. repr\u00e9sentants supportables, pr\u00e9sentables de monstruosit\u00e9s souterraines. les folies que je rapporte, non, ne sont pas pr\u00e9sentables.<\/p>\n","protected":false},"author":11,"featured_media":0,"comment_status":"closed","ping_status":"open","sticky":false,"template":"","format":"standard","meta":{"_acf_changed":false,"_jetpack_memberships_contains_paid_content":false,"footnotes":""},"categories":[1964],"tags":[2147,2183,1953,2235,706,2263],"class_list":["post-720","post","type-post","status-publish","format-standard","hentry","category-helene-parker","tag-bloc","tag-how-to","tag-melancolie","tag-reduction","tag-symptome","tag-wordpress","entry"],"acf":[],"jetpack_featured_media_url":"","jetpack_sharing_enabled":true,"_links":{"self":[{"href":"https:\/\/www.disparates.org\/iota\/wp-json\/wp\/v2\/posts\/720","targetHints":{"allow":["GET"]}}],"collection":[{"href":"https:\/\/www.disparates.org\/iota\/wp-json\/wp\/v2\/posts"}],"about":[{"href":"https:\/\/www.disparates.org\/iota\/wp-json\/wp\/v2\/types\/post"}],"author":[{"embeddable":true,"href":"https:\/\/www.disparates.org\/iota\/wp-json\/wp\/v2\/users\/11"}],"replies":[{"embeddable":true,"href":"https:\/\/www.disparates.org\/iota\/wp-json\/wp\/v2\/comments?post=720"}],"version-history":[{"count":0,"href":"https:\/\/www.disparates.org\/iota\/wp-json\/wp\/v2\/posts\/720\/revisions"}],"wp:attachment":[{"href":"https:\/\/www.disparates.org\/iota\/wp-json\/wp\/v2\/media?parent=720"}],"wp:term":[{"taxonomy":"category","embeddable":true,"href":"https:\/\/www.disparates.org\/iota\/wp-json\/wp\/v2\/categories?post=720"},{"taxonomy":"post_tag","embeddable":true,"href":"https:\/\/www.disparates.org\/iota\/wp-json\/wp\/v2\/tags?post=720"}],"curies":[{"name":"wp","href":"https:\/\/api.w.org\/{rel}","templated":true}]}}