{"id":796,"date":"2021-07-17T08:20:43","date_gmt":"2021-07-17T07:20:43","guid":{"rendered":"https:\/\/leseditionsdesjours.wordpress.com\/2021\/07\/17\/une-invitation-inexcusable\/"},"modified":"2021-07-17T08:20:43","modified_gmt":"2021-07-17T07:20:43","slug":"une-invitation-inexcusable","status":"publish","type":"post","link":"https:\/\/www.disparates.org\/iota\/2021\/07\/une-invitation-inexcusable\/","title":{"rendered":"sam 17 juillet :: une invitation facebookienne (I)"},"content":{"rendered":"\n<p style=\"line-height:1.6;\">Bruxelles, 17 juillet, 8h20<br>Bonjour T. <br>Vous m&rsquo;envoyez une invitation, je vous en remercie, vous ne savez pas qui je suis. J&rsquo;ai bien peine \u00e0 m&rsquo;int\u00e9resser au monde tel qu&rsquo;il s&rsquo;exhibe dans les m\u00e9dias et je n&rsquo;en recueille que tr\u00e8s rarement d&rsquo;autres \u00e9chos. \u00c0 peine je sais o\u00f9 est la Colombie. Tant de coordonn\u00e9es m&rsquo;\u00e9chappent. Il me semble que le temps et&nbsp; l&rsquo;espace errent en moi entre z\u00e9ro et l&rsquo;infini sans transition.&nbsp; Tous les jours, je perds un peu la parole et me bats pour trouver les moyens de construire un monde \u00e0 ma taille o\u00f9 je ne finisse pas de perdre la raison : rep\u00e9rer, ch\u00e9rir, accorder, relier, tenter, de relier, entre eux, l&rsquo;un ou l&rsquo;autre propos qui garde \u00e0 l&rsquo;ext\u00e9rieur (entendez de votre c\u00f4t\u00e9, du c\u00f4t\u00e9 des autres) quelques r\u00e9sonances. Je teste des formules, des formulations. <br>L\u00e0 je s\u00e9journe depuis deux jours dans ma famille, \u00e0 Bruxelles, o\u00f9 ils sont nombreux \u00e0 \u00eatre assez malades, je suis dans la joie soucieuse de faire pour eux ce qu&rsquo;il faut, dans le m\u00eame sentiment de n\u00e9cessit\u00e9 que celui qui me pousse \u00e0 chercher, \u00e0 trouver les moyens de&nbsp; soutenir mon jeune fils, grandissant, 16 ans, qui pleure parfois, qui a la vie devant lui, qui lui aussi cherche ses mots, sa parole, l&rsquo;amour. <br>Contrainte dans les limites de l&rsquo;instant, en marge de l&rsquo;histoire, souvent condamn\u00e9e au ressassement de mon pass\u00e9 pour \u00e9chapper \u00e0 ce qui se refuse au monde, je l&rsquo;ai bien mal arm\u00e9. Il y a les mesures anti Covid, les restrictions, la Bac, les incendies, les inondations. Telles sont les limites de mon monde qui requiert tant de mon attention (maintenir les bras ouverts) afin qu&rsquo;il ne me retombe pas dessus. De plus en plus rarement, ses fronti\u00e8res co\u00efncident avec celles des mondes facebookiens. <br>Je lis un peu aussi. Mais ce sont des auteurs comme Clarice Lispector qui me parlent, intimement. <br>Voil\u00e0 \u00e0 qui vous proposez une amiti\u00e9 facebookienne. Je ne pense pas pouvoir grand chose pour vous en ce moment. Vous faites certainement un travail de journaliste remarquable. Mais la Colombie est trop loin. S&rsquo;agit-il des propos d&rsquo;une bourgeoise blanche et individualiste et pas trop saine d&rsquo;esprit. Oui. Or, j&rsquo;ai longtemps essay\u00e9 de m&rsquo;y faire : vos mondes sont trop \u00e9tendus et je ne peux rester li\u00e9e \u00e0 toutes les causes (perdues), aussi chr\u00e9tiennement m&rsquo;a-t-on \u00e9lev\u00e9e &#8211; j&rsquo;en suis d\u00e9j\u00e0 toute sombr\u00e9e.&nbsp; Il y a ce qui nous d\u00e9passe. Peut \u00eatre se rejoint on l\u00e0-bas. <br>Amicalement, <br>Blanche<\/p>\n\n\n\n<p>&#8230;<\/p>\n\n\n\n<p>Je viens d&rsquo;envoyer ceci. Quelle fatuit\u00e9, je sais. Quelle vanit\u00e9 aussi.<\/p>\n\n\n\n<p><\/p>\n","protected":false},"excerpt":{"rendered":"<p>J&rsquo;ai bien peine \u00e0 m&rsquo;int\u00e9resser au monde tel qu&rsquo;il s&rsquo;exhibe dans les m\u00e9dias et je n&rsquo;en recueille que tr\u00e8s rarement d&rsquo;autres \u00e9chos. \u00c0 peine je sais o\u00f9 est la Colombie. Tant de coordonn\u00e9es m&rsquo;\u00e9chappent. Il me semble que le temps et\u00a0 l&rsquo;espace errent en moi entre z\u00e9ro et l&rsquo;infini sans transition.\u00a0 Tous les jours, je perds un peu la parole et me bats pour trouver les moyens de construire un monde \u00e0 ma taille o\u00f9 je ne finisse pas de perdre la raison : rep\u00e9rer, ch\u00e9rir, accorder, relier, tenter, de relier, entre eux, l&rsquo;un ou l&rsquo;autre propos qui garde \u00e0 l&rsquo;ext\u00e9rieur (entendez de votre c\u00f4t\u00e9, du c\u00f4t\u00e9 des autres) quelques r\u00e9sonances. Je teste des formules, des formulations. [\u2026]<\/p>\n","protected":false},"author":11,"featured_media":0,"comment_status":"closed","ping_status":"open","sticky":false,"template":"","format":"standard","meta":{"_acf_changed":false,"_jetpack_memberships_contains_paid_content":false,"footnotes":""},"categories":[2120,1964],"tags":[2178],"class_list":["post-796","post","type-post","status-publish","format-standard","hentry","category-envoye","category-helene-parker","tag-facebook","entry"],"acf":[],"jetpack_featured_media_url":"","jetpack_sharing_enabled":true,"_links":{"self":[{"href":"https:\/\/www.disparates.org\/iota\/wp-json\/wp\/v2\/posts\/796","targetHints":{"allow":["GET"]}}],"collection":[{"href":"https:\/\/www.disparates.org\/iota\/wp-json\/wp\/v2\/posts"}],"about":[{"href":"https:\/\/www.disparates.org\/iota\/wp-json\/wp\/v2\/types\/post"}],"author":[{"embeddable":true,"href":"https:\/\/www.disparates.org\/iota\/wp-json\/wp\/v2\/users\/11"}],"replies":[{"embeddable":true,"href":"https:\/\/www.disparates.org\/iota\/wp-json\/wp\/v2\/comments?post=796"}],"version-history":[{"count":0,"href":"https:\/\/www.disparates.org\/iota\/wp-json\/wp\/v2\/posts\/796\/revisions"}],"wp:attachment":[{"href":"https:\/\/www.disparates.org\/iota\/wp-json\/wp\/v2\/media?parent=796"}],"wp:term":[{"taxonomy":"category","embeddable":true,"href":"https:\/\/www.disparates.org\/iota\/wp-json\/wp\/v2\/categories?post=796"},{"taxonomy":"post_tag","embeddable":true,"href":"https:\/\/www.disparates.org\/iota\/wp-json\/wp\/v2\/tags?post=796"}],"curies":[{"name":"wp","href":"https:\/\/api.w.org\/{rel}","templated":true}]}}