{"id":85,"date":"2005-09-08T10:12:38","date_gmt":"2005-09-08T08:12:38","guid":{"rendered":"http:\/\/historyze.org\/to-be-or\/?p=84"},"modified":"2024-12-11T13:34:25","modified_gmt":"2024-12-11T12:34:25","slug":"parler","status":"publish","type":"post","link":"https:\/\/www.disparates.org\/iota\/2005\/09\/parler\/","title":{"rendered":". parler ."},"content":{"rendered":"<div style=\"font-family: Georgia,Times New Roman,Times,serif; color: #666666; background-color: #d0e1db; padding: 35px; margin-top: 45px; margin-bottom: 35px; border-left: 1px dashed #000000;\">\n<p style=\"padding: 0px 0px 0px 2px;\"><strong>R\u00e9enchanter le monde,<\/strong> n\u2019est-ce pas ce qui s\u2019accomplit dans chaque s\u00e9ance de psychanalyse ? On s\u2019abstrait de toute \u00e9valuation d\u2019utilit\u00e9 directe dans une s\u00e9ance de psychanalyse. La v\u00e9rit\u00e9 est que l\u2019on ne sait pas \u00e0\u00a0 quoi \u00e7a sert. <strong>On se raconte. On \u00e9crit un chapitre de son autobiographie. Sauf qu\u2019on ne l\u2019\u00e9crit pas. <\/strong>On la raconte, on la narre. C\u2019est l\u2019<i>auto-bionarration<\/i>, avec ce que cela comporte d\u2019autofiction.<\/p>\n<p>La psychanalyse a partie li\u00e9e avec la po\u00e9sie. Une psychanalyse, <strong>c\u2019est une invitation \u00e0\u00a0 parler, non pas \u00e0\u00a0 d\u00e9crire, non pas \u00e0\u00a0 expliquer, non pas \u00e0\u00a0 justifier ou \u00e0\u00a0 r\u00e9p\u00e9ter, et non pas vraiment \u00e0\u00a0 dire la v\u00e9rit\u00e9. <\/strong>Une psychanalyse est une invitation \u00e0\u00a0 parler, purement et simplement, et sans doute pour \u00eatre \u00e9cout\u00e9.<\/p>\n<p style=\"padding: 0px 0px 0px 0px; line-height: 0.8em; text-align: right; font-family: Georgia,Times New Roman,Times,serif; color: #666666;\">Jacques-Alain Miller, L\u2019orientation lacanienne III, 5, Un effort de po\u00e9sie<\/p>\n<\/div>\n","protected":false},"excerpt":{"rendered":"<p>R\u00e9enchanter le monde, n\u2019est-ce pas ce qui s\u2019accomplit dans chaque s\u00e9ance de psychanalyse ? On s\u2019abstrait de toute \u00e9valuation d\u2019utilit\u00e9 directe dans une s\u00e9ance de psychanalyse. La v\u00e9rit\u00e9 est que l\u2019on ne sait pas \u00e0\u00a0 quoi \u00e7a sert. On se raconte. On \u00e9crit un chapitre de son autobiographie. Sauf qu\u2019on ne l\u2019\u00e9crit pas. On la&hellip; <a class=\"more-link\" href=\"https:\/\/www.disparates.org\/iota\/2005\/09\/parler\/\">Poursuivre la lecture <span class=\"screen-reader-text\">. parler .<\/span><\/a><\/p>\n","protected":false},"author":11,"featured_media":0,"comment_status":"closed","ping_status":"closed","sticky":false,"template":"","format":"standard","meta":{"_acf_changed":false,"_jetpack_memberships_contains_paid_content":false,"footnotes":""},"categories":[44],"tags":[2437,1139],"class_list":["post-85","post","type-post","status-publish","format-standard","hentry","category-psychanalyse","tag-parler","tag-autofiction","entry"],"acf":[],"jetpack_featured_media_url":"","jetpack_sharing_enabled":true,"_links":{"self":[{"href":"https:\/\/www.disparates.org\/iota\/wp-json\/wp\/v2\/posts\/85","targetHints":{"allow":["GET"]}}],"collection":[{"href":"https:\/\/www.disparates.org\/iota\/wp-json\/wp\/v2\/posts"}],"about":[{"href":"https:\/\/www.disparates.org\/iota\/wp-json\/wp\/v2\/types\/post"}],"author":[{"embeddable":true,"href":"https:\/\/www.disparates.org\/iota\/wp-json\/wp\/v2\/users\/11"}],"replies":[{"embeddable":true,"href":"https:\/\/www.disparates.org\/iota\/wp-json\/wp\/v2\/comments?post=85"}],"version-history":[{"count":3,"href":"https:\/\/www.disparates.org\/iota\/wp-json\/wp\/v2\/posts\/85\/revisions"}],"predecessor-version":[{"id":24996,"href":"https:\/\/www.disparates.org\/iota\/wp-json\/wp\/v2\/posts\/85\/revisions\/24996"}],"wp:attachment":[{"href":"https:\/\/www.disparates.org\/iota\/wp-json\/wp\/v2\/media?parent=85"}],"wp:term":[{"taxonomy":"category","embeddable":true,"href":"https:\/\/www.disparates.org\/iota\/wp-json\/wp\/v2\/categories?post=85"},{"taxonomy":"post_tag","embeddable":true,"href":"https:\/\/www.disparates.org\/iota\/wp-json\/wp\/v2\/tags?post=85"}],"curies":[{"name":"wp","href":"https:\/\/api.w.org\/{rel}","templated":true}]}}