{"id":99,"date":"2005-09-21T09:16:18","date_gmt":"2005-09-21T07:16:18","guid":{"rendered":"http:\/\/historyze.org\/to-be-or\/2005-09-21\/pour-en-re-venir-a-lhistoire\/"},"modified":"2016-11-18T11:22:13","modified_gmt":"2016-11-18T10:22:13","slug":"pour-en-re-venir-a-lhistoire","status":"publish","type":"post","link":"https:\/\/www.disparates.org\/iota\/2005\/09\/pour-en-re-venir-a-lhistoire\/","title":{"rendered":"( pour en re-venir \u00e0\u00a0 l&rsquo;histoire)"},"content":{"rendered":"<div><a href=\"https:\/\/www.disparates.org\/iota\/2005\/en-forme-de-souvenir\/\"><em>ils pensaient avoir le projet de sortir du projet<\/em><\/a>, en fait c\u2019\u00e9tait le monde<br \/>\n qui en sortait. <br \/>\n le monde sortait du projet.<\/p>\n<p>duchamp parlait des readymades <a href=\"https:\/\/www.disparates.org\/iota\/2006\/loeuvre-et-le-rendez-vous\/\">en terme de rendez-vous<\/a>, de retard aussi. parlant de l\u2019art, il disait c\u2019est un choix. \u00e7a aurait \u00e9t\u00e9 une forme de prescience, de ce qui se perdait; dont il aurait vou\u00e9\/esp\u00e9r\u00e9\/destin\u00e9 l\u2019art \u00e0\u00a0 la garde.<\/p>\n<\/div>\n<figure id=\"attachment_17575\" aria-describedby=\"caption-attachment-17575\" style=\"width: 308px\" class=\"wp-caption alignleft\"><a href=\"https:\/\/i0.wp.com\/www.disparates.org\/iota\/wp-content\/uploads\/retardenverre-pour-legrandverre-duchamp.jpg?ssl=1\"><img data-recalc-dims=\"1\" decoding=\"async\" data-attachment-id=\"17575\" data-permalink=\"https:\/\/www.disparates.org\/iota\/2005\/09\/pour-en-re-venir-a-lhistoire\/retardenverre-pour-legrandverre-duchamp\/\" data-orig-file=\"https:\/\/i0.wp.com\/www.disparates.org\/iota\/wp-content\/uploads\/retardenverre-pour-legrandverre-duchamp.jpg?fit=426%2C650&amp;ssl=1\" data-orig-size=\"426,650\" data-comments-opened=\"1\" data-image-meta=\"{&quot;aperture&quot;:&quot;0&quot;,&quot;credit&quot;:&quot;&quot;,&quot;camera&quot;:&quot;&quot;,&quot;caption&quot;:&quot;&quot;,&quot;created_timestamp&quot;:&quot;0&quot;,&quot;copyright&quot;:&quot;&quot;,&quot;focal_length&quot;:&quot;0&quot;,&quot;iso&quot;:&quot;0&quot;,&quot;shutter_speed&quot;:&quot;0&quot;,&quot;title&quot;:&quot;&quot;,&quot;orientation&quot;:&quot;0&quot;}\" data-image-title=\"retardenverre-pour-legrandverre-duchamp\" data-image-description=\"\" data-image-caption=\"\" data-medium-file=\"https:\/\/i0.wp.com\/www.disparates.org\/iota\/wp-content\/uploads\/retardenverre-pour-legrandverre-duchamp.jpg?fit=308%2C470&amp;ssl=1\" data-large-file=\"https:\/\/i0.wp.com\/www.disparates.org\/iota\/wp-content\/uploads\/retardenverre-pour-legrandverre-duchamp.jpg?fit=426%2C650&amp;ssl=1\" class=\"wp-image-17575 size-medium\" src=\"https:\/\/i0.wp.com\/www.disparates.org\/iota\/wp-content\/uploads\/retardenverre-pour-legrandverre-duchamp.jpg?resize=308%2C470&#038;ssl=1\" alt=\"Marcel Duchamp (28 Jul 1887 - 2 Oct 1968) Sorte de sous-titre \/ Retard en Verre (Note autographe pour &quot;Le Grand verre&quot;) 1912\" width=\"308\" height=\"470\" srcset=\"https:\/\/i0.wp.com\/www.disparates.org\/iota\/wp-content\/uploads\/retardenverre-pour-legrandverre-duchamp.jpg?resize=308%2C470&amp;ssl=1 308w, https:\/\/i0.wp.com\/www.disparates.org\/iota\/wp-content\/uploads\/retardenverre-pour-legrandverre-duchamp.jpg?resize=98%2C150&amp;ssl=1 98w, https:\/\/i0.wp.com\/www.disparates.org\/iota\/wp-content\/uploads\/retardenverre-pour-legrandverre-duchamp.jpg?resize=197%2C300&amp;ssl=1 197w, https:\/\/i0.wp.com\/www.disparates.org\/iota\/wp-content\/uploads\/retardenverre-pour-legrandverre-duchamp.jpg?w=426&amp;ssl=1 426w\" sizes=\"(max-width: 308px) 100vw, 308px\" \/><\/a><figcaption id=\"caption-attachment-17575\" class=\"wp-caption-text\">Marcel Duchamp (28 Jul 1887 &#8211; 2 Oct 1968)<br \/>\n Sorte de sous-titre \/ Retard en Verre (Note autographe pour \u00ab\u00a0Le Grand verre\u00a0\u00bb)<br \/>\n 1912<\/figcaption><\/figure>\n<blockquote>\n<p>Employer \u00ab\u00a0retard\u00a0\u00bb au lieu de tableau ou de peinture; tableau en verre devient retard en verre &#8211; mais retard en verre ne veut pas dire tableau sur verre &#8211; <br \/>\nC&rsquo;est simplement un moyen d&rsquo;arriver \u00e0 ne plus consid\u00e9rer que la chose en question un tableau &#8211; en faire un retard dans tout le g\u00e9n\u00e9ral possible, pas tant dans les diff\u00e9rents sens dans lesquels retard peut \u00eatre pris mais plut\u00f4t dans leur r\u00e9union ind\u00e9cise \/ \u00ab\u00a0Retard\u00a0\u00bb &#8211;\u00a0 un retard en verre comme on dirait un po\u00e8me en prose ou un crachoir en argent.<\/p>\n<\/blockquote>\n<figure id=\"attachment_17577\" aria-describedby=\"caption-attachment-17577\" style=\"width: 308px\" class=\"wp-caption alignleft\"><a href=\"https:\/\/i0.wp.com\/www.disparates.org\/iota\/wp-content\/uploads\/Marcel-Duchamp-Preciser-les-Readymades.jpg?ssl=1\"><img data-recalc-dims=\"1\" decoding=\"async\" data-attachment-id=\"17577\" data-permalink=\"https:\/\/www.disparates.org\/iota\/2005\/09\/pour-en-re-venir-a-lhistoire\/marcel-duchamp-preciser-les-readymades\/\" data-orig-file=\"https:\/\/i0.wp.com\/www.disparates.org\/iota\/wp-content\/uploads\/Marcel-Duchamp-Preciser-les-Readymades.jpg?fit=522%2C650&amp;ssl=1\" data-orig-size=\"522,650\" data-comments-opened=\"1\" data-image-meta=\"{&quot;aperture&quot;:&quot;0&quot;,&quot;credit&quot;:&quot;&quot;,&quot;camera&quot;:&quot;&quot;,&quot;caption&quot;:&quot;&quot;,&quot;created_timestamp&quot;:&quot;0&quot;,&quot;copyright&quot;:&quot;&quot;,&quot;focal_length&quot;:&quot;0&quot;,&quot;iso&quot;:&quot;0&quot;,&quot;shutter_speed&quot;:&quot;0&quot;,&quot;title&quot;:&quot;&quot;,&quot;orientation&quot;:&quot;0&quot;}\" data-image-title=\"marcel-duchamp-preciser-les-readymades\" data-image-description=\"\" data-image-caption=\"\" data-medium-file=\"https:\/\/i0.wp.com\/www.disparates.org\/iota\/wp-content\/uploads\/Marcel-Duchamp-Preciser-les-Readymades.jpg?fit=377%2C470&amp;ssl=1\" data-large-file=\"https:\/\/i0.wp.com\/www.disparates.org\/iota\/wp-content\/uploads\/Marcel-Duchamp-Preciser-les-Readymades.jpg?fit=522%2C650&amp;ssl=1\" class=\"wp-image-17577\" src=\"https:\/\/i0.wp.com\/www.disparates.org\/iota\/wp-content\/uploads\/Marcel-Duchamp-Preciser-les-Readymades.jpg?resize=308%2C384&#038;ssl=1\" alt=\"Marcel Duchamp (28 Jul 1887 - 2 Oct 1968) Pr\u00e9ciser les Readymades (Note autographe pour &quot;Le Grand verre&quot;) 1912\" width=\"308\" height=\"384\" srcset=\"https:\/\/i0.wp.com\/www.disparates.org\/iota\/wp-content\/uploads\/Marcel-Duchamp-Preciser-les-Readymades.jpg?resize=377%2C470&amp;ssl=1 377w, https:\/\/i0.wp.com\/www.disparates.org\/iota\/wp-content\/uploads\/Marcel-Duchamp-Preciser-les-Readymades.jpg?resize=120%2C150&amp;ssl=1 120w, https:\/\/i0.wp.com\/www.disparates.org\/iota\/wp-content\/uploads\/Marcel-Duchamp-Preciser-les-Readymades.jpg?resize=241%2C300&amp;ssl=1 241w, https:\/\/i0.wp.com\/www.disparates.org\/iota\/wp-content\/uploads\/Marcel-Duchamp-Preciser-les-Readymades.jpg?w=522&amp;ssl=1 522w\" sizes=\"(max-width: 308px) 100vw, 308px\" \/><\/a><figcaption id=\"caption-attachment-17577\" class=\"wp-caption-text\">Marcel Duchamp (28 Jul 1887 &#8211; 2 Oct 1968)<br \/>\n Pr\u00e9ciser les Readymades (Note autographe pour \u00ab\u00a0Le Grand verre\u00a0\u00bb)<br \/>\n 1912<\/figcaption><\/figure>\n<blockquote><p>Pr\u00e9ciser les \u00ab Readymades \u00bb en projetant pour un moment \u00e0 venir (tel jour, telle date, telle minute), \u00ab<strong>d\u2019inscrire<\/strong> un readymade \u00bb. Le readymade pourra ensuite \u00eatre cherch\u00e9 (avec tous d\u00e9lais). L\u2019important alors est donc cet horlogisme, cet instantan\u00e9, comme un discours prononc\u00e9 \u00e0 l\u2019occasion de n\u2019importe quoi mais <strong>\u00e0 telle heure<\/strong>. C\u2019est une sorte de rendez-vous. Inscrire naturellement cette date, heure, minute, sur le readymade comme <strong>renseignements<\/strong>. Aussi le c\u00f4t\u00e9 exemplaire du ready-made.<\/p><\/blockquote>\n","protected":false},"excerpt":{"rendered":"<p>ils pensaient avoir le projet de sortir du projet, en fait c\u2019\u00e9tait le monde qui en sortait. le monde sortait du projet. duchamp parlait des readymades en terme de rendez-vous, de retard aussi. parlant de l\u2019art, il disait c\u2019est un choix. \u00e7a aurait \u00e9t\u00e9 une forme de prescience, de ce qui se perdait; dont il&hellip; <a class=\"more-link\" href=\"https:\/\/www.disparates.org\/iota\/2005\/09\/pour-en-re-venir-a-lhistoire\/\">Poursuivre la lecture <span class=\"screen-reader-text\">( pour en re-venir \u00e0\u00a0 l&rsquo;histoire)<\/span><\/a><\/p>\n","protected":false},"author":11,"featured_media":17579,"comment_status":"closed","ping_status":"closed","sticky":false,"template":"","format":"standard","meta":{"_acf_changed":false,"_jetpack_memberships_contains_paid_content":false,"footnotes":""},"categories":[1],"tags":[1798,1799,604,1145,1250],"class_list":["post-99","post","type-post","status-publish","format-standard","has-post-thumbnail","hentry","category-non-classe","tag-duchamp","tag-instantane","tag-readymade","tag-rendez-vous","tag-retard","entry"],"acf":[],"jetpack_featured_media_url":"https:\/\/i0.wp.com\/www.disparates.org\/iota\/wp-content\/uploads\/Duchamp-grand-verre-et-glissie%CC%80re.jpg?fit=500%2C600&ssl=1","jetpack_sharing_enabled":true,"_links":{"self":[{"href":"https:\/\/www.disparates.org\/iota\/wp-json\/wp\/v2\/posts\/99","targetHints":{"allow":["GET"]}}],"collection":[{"href":"https:\/\/www.disparates.org\/iota\/wp-json\/wp\/v2\/posts"}],"about":[{"href":"https:\/\/www.disparates.org\/iota\/wp-json\/wp\/v2\/types\/post"}],"author":[{"embeddable":true,"href":"https:\/\/www.disparates.org\/iota\/wp-json\/wp\/v2\/users\/11"}],"replies":[{"embeddable":true,"href":"https:\/\/www.disparates.org\/iota\/wp-json\/wp\/v2\/comments?post=99"}],"version-history":[{"count":0,"href":"https:\/\/www.disparates.org\/iota\/wp-json\/wp\/v2\/posts\/99\/revisions"}],"wp:featuredmedia":[{"embeddable":true,"href":"https:\/\/www.disparates.org\/iota\/wp-json\/wp\/v2\/media\/17579"}],"wp:attachment":[{"href":"https:\/\/www.disparates.org\/iota\/wp-json\/wp\/v2\/media?parent=99"}],"wp:term":[{"taxonomy":"category","embeddable":true,"href":"https:\/\/www.disparates.org\/iota\/wp-json\/wp\/v2\/categories?post=99"},{"taxonomy":"post_tag","embeddable":true,"href":"https:\/\/www.disparates.org\/iota\/wp-json\/wp\/v2\/tags?post=99"}],"curies":[{"name":"wp","href":"https:\/\/api.w.org\/{rel}","templated":true}]}}