{"id":2277,"count":9,"description":"Autour du livre de C\u00e9dric Lagandr\u00e9, La plaine des asphod\u00e8les - Ou le monde \u00e0 refaire, Climats, 2013.","link":"https:\/\/www.disparates.org\/iota\/tag\/la-plaine-des-asphodeles\/","name":"La plaine des asphod\u00e8les","slug":"la-plaine-des-asphodeles","taxonomy":"post_tag","meta":[],"_links":{"self":[{"href":"https:\/\/www.disparates.org\/iota\/wp-json\/wp\/v2\/tags\/2277","targetHints":{"allow":["GET"]}}],"collection":[{"href":"https:\/\/www.disparates.org\/iota\/wp-json\/wp\/v2\/tags"}],"about":[{"href":"https:\/\/www.disparates.org\/iota\/wp-json\/wp\/v2\/taxonomies\/post_tag"}],"wp:post_type":[{"href":"https:\/\/www.disparates.org\/iota\/wp-json\/wp\/v2\/posts?tags=2277"},{"href":"https:\/\/www.disparates.org\/iota\/wp-json\/wp\/v2\/pmb_content?tags=2277"}],"curies":[{"name":"wp","href":"https:\/\/api.w.org\/{rel}","templated":true}]}}